{"id":12646,"date":"2020-11-01T03:46:39","date_gmt":"2020-11-01T03:46:39","guid":{"rendered":"http:\/\/elterritorialweb.com.ar\/web\/?p=12646"},"modified":"2020-11-01T03:46:40","modified_gmt":"2020-11-01T03:46:40","slug":"9-745-nuevos-casos-de-covid-19-en-24-horas-con-un-total-de-1-166-924-infectados-en-el-pais","status":"publish","type":"post","link":"https:\/\/elterritorialweb.com.ar\/web\/9-745-nuevos-casos-de-covid-19-en-24-horas-con-un-total-de-1-166-924-infectados-en-el-pais\/","title":{"rendered":"9.745 NUEVOS CASOS DE COVID-19 EN 24 HORAS, CON UN TOTAL DE 1.166.924 INFECTADOS EN EL PA\u00cdS"},"content":{"rendered":"\n<p>Otras 211 personas murieron y 9.745 fueron reportadas con coronavirus en las \u00faltimas 24 horas en la Argentina<\/p>\n\n\n\n<p><strong>Con las cifras oficiales informadas el total de fallecimientos desde el inicio de la pandemia se elev\u00f3 a 31.002, en tanto que los contagiados llegaron a 1.166.924, de los cuales 973.939 ya recibieron el alta.<\/strong><\/p>\n\n\n\n<p>El Ministerio de Salud indic\u00f3 que son 4.969 los internados en unidades de terapia intensiva, con un porcentaje de ocupaci\u00f3n de camas de adultos de 64,3% en el pa\u00eds y del 61,% en la \u00c1rea Metropolitana Buenos Aires.<\/p>\n\n\n\n<p>Este s\u00e1bado en la provincia de Buenos Aires se contabilizaron 2.354 casos; en la Ciudad de Buenos Aires, 441; en Catamarca, 77; en Chaco, 137; en Chubut, 195; en Corrientes, 10; en C\u00f3rdoba, 1.424; en Entre R\u00edos, 264; en Formosa, 4; en Jujuy, 33; en La Pampa, 90; en La Rioja, 55; en Mendoza, 509; en Misiones, -9; en Neuqu\u00e9n, 467; en R\u00edo Negro, 255; en Salta, 146; en San Juan, 110; en San Luis, 167; en Santa Cruz, 159; en Santa Fe, 1.718; en Santiago del Estero, 221; en Tierra del Fuego, 189; y en Tucum\u00e1n 729.<\/p>\n","protected":false},"excerpt":{"rendered":"<p>INFORME DEL MINISTERIO DE SALUD DE LA NACI\u00d3N<\/p>\n","protected":false},"author":2,"featured_media":12647,"comment_status":"open","ping_status":"open","sticky":false,"template":"","format":"standard","meta":{"om_disable_all_campaigns":false,"_monsterinsights_skip_tracking":false,"_monsterinsights_sitenote_active":false,"_monsterinsights_sitenote_note":"","_monsterinsights_sitenote_category":0,"_uf_show_specific_survey":0,"_uf_disable_surveys":false,"jetpack_post_was_ever_published":false,"_jetpack_newsletter_access":"","_jetpack_dont_email_post_to_subs":false,"_jetpack_newsletter_tier_id":0,"_jetpack_memberships_contains_paywalled_content":false,"_jetpack_memberships_contains_paid_content":false,"footnotes":"","jetpack_publicize_message":"","jetpack_publicize_feature_enabled":true,"jetpack_social_post_already_shared":false,"jetpack_social_options":{"image_generator_settings":{"template":"highway","default_image_id":0,"font":"","enabled":false},"version":2}},"categories":[3],"tags":[],"class_list":["post-12646","post","type-post","status-publish","format-standard","has-post-thumbnail","hentry","category-salud"],"aioseo_notices":[],"views":6,"jetpack_publicize_connections":[],"jetpack_featured_media_url":"https:\/\/i0.wp.com\/elterritorialweb.com.ar\/web\/wp-content\/uploads\/2020\/11\/NUEVOS-CASOS-31-DE-OCTUBRE.jpg?fit=680%2C453&ssl=1","jetpack_sharing_enabled":true,"_links":{"self":[{"href":"https:\/\/elterritorialweb.com.ar\/web\/wp-json\/wp\/v2\/posts\/12646","targetHints":{"allow":["GET"]}}],"collection":[{"href":"https:\/\/elterritorialweb.com.ar\/web\/wp-json\/wp\/v2\/posts"}],"about":[{"href":"https:\/\/elterritorialweb.com.ar\/web\/wp-json\/wp\/v2\/types\/post"}],"author":[{"embeddable":true,"href":"https:\/\/elterritorialweb.com.ar\/web\/wp-json\/wp\/v2\/users\/2"}],"replies":[{"embeddable":true,"href":"https:\/\/elterritorialweb.com.ar\/web\/wp-json\/wp\/v2\/comments?post=12646"}],"version-history":[{"count":1,"href":"https:\/\/elterritorialweb.com.ar\/web\/wp-json\/wp\/v2\/posts\/12646\/revisions"}],"predecessor-version":[{"id":12648,"href":"https:\/\/elterritorialweb.com.ar\/web\/wp-json\/wp\/v2\/posts\/12646\/revisions\/12648"}],"wp:featuredmedia":[{"embeddable":true,"href":"https:\/\/elterritorialweb.com.ar\/web\/wp-json\/wp\/v2\/media\/12647"}],"wp:attachment":[{"href":"https:\/\/elterritorialweb.com.ar\/web\/wp-json\/wp\/v2\/media?parent=12646"}],"wp:term":[{"taxonomy":"category","embeddable":true,"href":"https:\/\/elterritorialweb.com.ar\/web\/wp-json\/wp\/v2\/categories?post=12646"},{"taxonomy":"post_tag","embeddable":true,"href":"https:\/\/elterritorialweb.com.ar\/web\/wp-json\/wp\/v2\/tags?post=12646"}],"curies":[{"name":"wp","href":"https:\/\/api.w.org\/{rel}","templated":true}]}}