{"id":12649,"date":"2020-11-01T04:09:40","date_gmt":"2020-11-01T04:09:40","guid":{"rendered":"http:\/\/elterritorialweb.com.ar\/web\/?p=12649"},"modified":"2020-11-01T04:09:41","modified_gmt":"2020-11-01T04:09:41","slug":"tras-comunicado-de-la-liga-profesional-se-postergo-river-banfield","status":"publish","type":"post","link":"https:\/\/elterritorialweb.com.ar\/web\/tras-comunicado-de-la-liga-profesional-se-postergo-river-banfield\/","title":{"rendered":"TRAS COMUNICADO DE LA LIGA PROFESIONAL, SE POSTERG\u00d3 RIVER &#8211; BANFIELD"},"content":{"rendered":"\n<p>Esta\u00a0resoluci\u00f3n, que cay\u00f3 como un baldazo de agua fr\u00eda en la noche del s\u00e1bado para la dirigencia del club de N\u00fa\u00f1ez,\u00a0<strong>obliga a conseguir una cancha para la disputa del duelo ante el Taladro<\/strong>, por la primera jornada de la Copa de la LPF. V\u00e9lez podr\u00eda ser una de las alternativas junto con Hurac\u00e1n e Independiente, ya utilizada por la Libertadores.<\/p>\n\n\n\n<p>Adem\u00e1s,&nbsp;la respuesta hacia River dej\u00f3 bien clara una cuesti\u00f3n en el cierre.&nbsp;<em>\u00abL<strong>e recordamos que la Liga Profesional de Futbol es la organizadora de las competencias de la Primera Divisi\u00f3n<\/strong>, y que forma parte integrante de la Asociaci\u00f3n del F\u00fatbol Argentino conforme art\u00edculos 79 y 82 del Estatuto de la misma\u00bb<\/em>, escribieron desde la entidad que preside Marcelo Tinelli.<\/p>\n\n\n\n<p>Dos horas antes,<strong>&nbsp;desde el Millonario hab\u00edan publicado un duro comunicado<\/strong>&nbsp;en respuesta a la nota recibida este s\u00e1bado a las 13. Las principales cr\u00edticas apuntaban al poco margen para buscar un nuevo escenario y el sinf\u00edn de vaivenes respecto al River Camp, que parec\u00eda estar en condiciones. Continuar\u00e1&#8230;<a href=\"https:\/\/www.tycsports.com\/river-plate\/river-camp-afa-liga-profesional-respuesta-id279878.html\"><\/a><\/p>\n","protected":false},"excerpt":{"rendered":"<p>Luego de considerar que el River Camp de Ezeiza no est\u00e1 habilitado para la disputa de River &#8211; Banfield, la Liga Profesional de F\u00fatbol decidi\u00f3 postergar el partido para el martes a las 21, adem\u00e1s de ampliar el plazo para que el club de N\u00fa\u00f1ez pueda conseguir un estadio en el cual hacer de local hasta este domingo a las 20, mientras refacciona el Monumental.<\/p>\n","protected":false},"author":2,"featured_media":12650,"comment_status":"open","ping_status":"open","sticky":false,"template":"","format":"standard","meta":{"om_disable_all_campaigns":false,"_monsterinsights_skip_tracking":false,"_monsterinsights_sitenote_active":false,"_monsterinsights_sitenote_note":"","_monsterinsights_sitenote_category":0,"_uf_show_specific_survey":0,"_uf_disable_surveys":false,"jetpack_post_was_ever_published":false,"_jetpack_newsletter_access":"","_jetpack_dont_email_post_to_subs":false,"_jetpack_newsletter_tier_id":0,"_jetpack_memberships_contains_paywalled_content":false,"_jetpack_memberships_contains_paid_content":false,"footnotes":"","jetpack_publicize_message":"","jetpack_publicize_feature_enabled":true,"jetpack_social_post_already_shared":false,"jetpack_social_options":{"image_generator_settings":{"template":"highway","default_image_id":0,"font":"","enabled":false},"version":2}},"categories":[6],"tags":[],"class_list":["post-12649","post","type-post","status-publish","format-standard","has-post-thumbnail","hentry","category-deportes"],"aioseo_notices":[],"views":3,"jetpack_publicize_connections":[],"jetpack_featured_media_url":"https:\/\/i0.wp.com\/elterritorialweb.com.ar\/web\/wp-content\/uploads\/2020\/11\/SE-POSTERGO-RIVER-BANFIELD.jpg?fit=1004%2C565&ssl=1","jetpack_sharing_enabled":true,"_links":{"self":[{"href":"https:\/\/elterritorialweb.com.ar\/web\/wp-json\/wp\/v2\/posts\/12649","targetHints":{"allow":["GET"]}}],"collection":[{"href":"https:\/\/elterritorialweb.com.ar\/web\/wp-json\/wp\/v2\/posts"}],"about":[{"href":"https:\/\/elterritorialweb.com.ar\/web\/wp-json\/wp\/v2\/types\/post"}],"author":[{"embeddable":true,"href":"https:\/\/elterritorialweb.com.ar\/web\/wp-json\/wp\/v2\/users\/2"}],"replies":[{"embeddable":true,"href":"https:\/\/elterritorialweb.com.ar\/web\/wp-json\/wp\/v2\/comments?post=12649"}],"version-history":[{"count":1,"href":"https:\/\/elterritorialweb.com.ar\/web\/wp-json\/wp\/v2\/posts\/12649\/revisions"}],"predecessor-version":[{"id":12651,"href":"https:\/\/elterritorialweb.com.ar\/web\/wp-json\/wp\/v2\/posts\/12649\/revisions\/12651"}],"wp:featuredmedia":[{"embeddable":true,"href":"https:\/\/elterritorialweb.com.ar\/web\/wp-json\/wp\/v2\/media\/12650"}],"wp:attachment":[{"href":"https:\/\/elterritorialweb.com.ar\/web\/wp-json\/wp\/v2\/media?parent=12649"}],"wp:term":[{"taxonomy":"category","embeddable":true,"href":"https:\/\/elterritorialweb.com.ar\/web\/wp-json\/wp\/v2\/categories?post=12649"},{"taxonomy":"post_tag","embeddable":true,"href":"https:\/\/elterritorialweb.com.ar\/web\/wp-json\/wp\/v2\/tags?post=12649"}],"curies":[{"name":"wp","href":"https:\/\/api.w.org\/{rel}","templated":true}]}}