{"id":12659,"date":"2020-11-02T04:30:11","date_gmt":"2020-11-02T04:30:11","guid":{"rendered":"http:\/\/elterritorialweb.com.ar\/web\/?p=12659"},"modified":"2020-11-02T04:30:12","modified_gmt":"2020-11-02T04:30:12","slug":"implementan-el-sistema-consejo-virtual-para-el-ofrecimientos-de-cargos-docentes-nivel-primario","status":"publish","type":"post","link":"https:\/\/elterritorialweb.com.ar\/web\/implementan-el-sistema-consejo-virtual-para-el-ofrecimientos-de-cargos-docentes-nivel-primario\/","title":{"rendered":"IMPLEMENTAN EL SISTEMA \u00abCONSEJO VIRTUAL\u00bb PARA EL OFRECIMIENTOS DE CARGOS DOCENTES NIVEL PRIMARIO"},"content":{"rendered":"\n<p>El Consejo General de Educaci\u00f3n informa a la comunidad educativa y al p\u00fablico en general que se ha puesto en marcha la implementaci\u00f3n del sistema Consejo Virtual para el ofrecimiento de cargos docentes del primer grado del escalaf\u00f3n en las escuelas p\u00fablicas del Nivel Primario de la Provincia y que se encuentra disponible a trav\u00e9s de su portal oficial, www.cgesantiago.gob.ar, en la pesta\u00f1a Consejo Virtual , en el que ser\u00e1n publicados pr\u00f3ximamente los cargos a ofrecer.<br>El sistema se enmarca en el proceso de modernizaci\u00f3n y sistematizaci\u00f3n<br>que lleva adelante el Organismo y actualmente est\u00e1 en pleno funcionamiento para el Nivel Secundario y Superior. Permitir\u00e1 la designaci\u00f3n de docentes del Nivel Primario mediante un procedimiento online, sencillo y de f\u00e1cil acceso, en estricto cumplimiento de la normativa<br>educativa y en consonancia con las medidas de emergencia dispuestas para frenar el avance de la pandemia del COVID 19.<br>Todos los docentes debidamente inscriptos en el Listado de Orden de M\u00e9rito 2020 se encuentran en condiciones de concursar, para ello deber\u00e1n generar un usuario en el sistema consejo virtual.-<br>Los instructivos y normativa aplicable se encuentra disponible en la secci\u00f3n normativa de la p\u00e1gina oficial www.cgesantiago.gob.ar (Resoluci\u00f3n CGE N\u00b0 504\/20, 207\/20, 213\/20 y 306\/20).-<\/p>\n","protected":false},"excerpt":{"rendered":"<p>CONSEJO GENERAL DE EDUCACI\u00d3N<\/p>\n","protected":false},"author":2,"featured_media":2607,"comment_status":"open","ping_status":"open","sticky":false,"template":"","format":"standard","meta":{"om_disable_all_campaigns":false,"_monsterinsights_skip_tracking":false,"_monsterinsights_sitenote_active":false,"_monsterinsights_sitenote_note":"","_monsterinsights_sitenote_category":0,"_uf_show_specific_survey":0,"_uf_disable_surveys":false,"jetpack_post_was_ever_published":false,"_jetpack_newsletter_access":"","_jetpack_dont_email_post_to_subs":false,"_jetpack_newsletter_tier_id":0,"_jetpack_memberships_contains_paywalled_content":false,"_jetpack_memberships_contains_paid_content":false,"footnotes":"","jetpack_publicize_message":"","jetpack_publicize_feature_enabled":true,"jetpack_social_post_already_shared":false,"jetpack_social_options":{"image_generator_settings":{"template":"highway","default_image_id":0,"font":"","enabled":false},"version":2}},"categories":[19],"tags":[],"class_list":["post-12659","post","type-post","status-publish","format-standard","has-post-thumbnail","hentry","category-educacion"],"aioseo_notices":[],"views":13,"jetpack_publicize_connections":[],"jetpack_featured_media_url":"https:\/\/i0.wp.com\/elterritorialweb.com.ar\/web\/wp-content\/uploads\/2020\/03\/CONSEJO-GRAL-EDUC.jpg?fit=275%2C183&ssl=1","jetpack_sharing_enabled":true,"_links":{"self":[{"href":"https:\/\/elterritorialweb.com.ar\/web\/wp-json\/wp\/v2\/posts\/12659","targetHints":{"allow":["GET"]}}],"collection":[{"href":"https:\/\/elterritorialweb.com.ar\/web\/wp-json\/wp\/v2\/posts"}],"about":[{"href":"https:\/\/elterritorialweb.com.ar\/web\/wp-json\/wp\/v2\/types\/post"}],"author":[{"embeddable":true,"href":"https:\/\/elterritorialweb.com.ar\/web\/wp-json\/wp\/v2\/users\/2"}],"replies":[{"embeddable":true,"href":"https:\/\/elterritorialweb.com.ar\/web\/wp-json\/wp\/v2\/comments?post=12659"}],"version-history":[{"count":1,"href":"https:\/\/elterritorialweb.com.ar\/web\/wp-json\/wp\/v2\/posts\/12659\/revisions"}],"predecessor-version":[{"id":12660,"href":"https:\/\/elterritorialweb.com.ar\/web\/wp-json\/wp\/v2\/posts\/12659\/revisions\/12660"}],"wp:featuredmedia":[{"embeddable":true,"href":"https:\/\/elterritorialweb.com.ar\/web\/wp-json\/wp\/v2\/media\/2607"}],"wp:attachment":[{"href":"https:\/\/elterritorialweb.com.ar\/web\/wp-json\/wp\/v2\/media?parent=12659"}],"wp:term":[{"taxonomy":"category","embeddable":true,"href":"https:\/\/elterritorialweb.com.ar\/web\/wp-json\/wp\/v2\/categories?post=12659"},{"taxonomy":"post_tag","embeddable":true,"href":"https:\/\/elterritorialweb.com.ar\/web\/wp-json\/wp\/v2\/tags?post=12659"}],"curies":[{"name":"wp","href":"https:\/\/api.w.org\/{rel}","templated":true}]}}