{"id":12669,"date":"2020-11-02T05:26:35","date_gmt":"2020-11-02T05:26:35","guid":{"rendered":"http:\/\/elterritorialweb.com.ar\/web\/?p=12669"},"modified":"2020-11-02T05:26:36","modified_gmt":"2020-11-02T05:26:36","slug":"casos-positivos-aislan-nuevamente-colonia-dora","status":"publish","type":"post","link":"https:\/\/elterritorialweb.com.ar\/web\/casos-positivos-aislan-nuevamente-colonia-dora\/","title":{"rendered":"CASOS POSITIVOS: AISLAN NUEVAMENTE COLONIA DORA"},"content":{"rendered":"\n<p><em>\u00abAnte numerosos casos de Covid-19 confirmados, se tendr\u00e1 realizar nuevamente una fuerte tarea sanitaria en la ciudad de Colonia Dora , por lo que a partir de esta noche se encuentra aislada, con presencia de fuerzas policiales, que colaborar\u00e1n con los equipos provinciales y municipales para realizar los controles sanitarios e hisopados correspondientes.Pedimos comprensi\u00f3n y colaboraci\u00f3n a esa comunidad, para poder culminar lo m\u00e1s r\u00e1pidamente posible las tareas de prevenci\u00f3n y detener la propagaci\u00f3n del virus\u00bb<\/em>.<\/p>\n\n\n\n<div id = \"fb-root\" > <\/div> <script async diferir crossorigin = \"anonymous\" src = \"https:\/\/connect.facebook.net\/es_LA\/sdk.js#xfbml=1&#038;version=v8.0\" nonce = \"LICHETZi\" > <\/script> \n\n\n\n<iframe data-src=\"https:\/\/www.facebook.com\/plugins\/post.php?href=https%3A%2F%2Fwww.facebook.com%2FzamoraSDE%2Fposts%2F3288699727916592&#038;show_text=true&#038;width=552&#038;height=296&#038;appId\" width=\"552\" height=\"296\" style=\"border:none;overflow:hidden\" scrolling=\"no\" frameborder=\"0\" allowTransparency=\"true\" allow=\"encrypted-media\" src=\"data:image\/svg+xml;base64,PHN2ZyB3aWR0aD0iMSIgaGVpZ2h0PSIxIiB4bWxucz0iaHR0cDovL3d3dy53My5vcmcvMjAwMC9zdmciPjwvc3ZnPg==\" class=\"lazyload\" data-load-mode=\"1\"><\/iframe>\n\n\n\n<p><\/p>\n","protected":false},"excerpt":{"rendered":"<p>Tras los casos positivos registrados en la ciudad, el gobernador Gerardo Zamora emiti\u00f3 un comunicado en sus redes sociales, que a partir de esta noche quedar\u00e1 aislada la ciudad de Colonia Dora con presencia de la fuerza policial.<\/p>\n","protected":false},"author":2,"featured_media":10557,"comment_status":"open","ping_status":"open","sticky":false,"template":"","format":"standard","meta":{"om_disable_all_campaigns":false,"_monsterinsights_skip_tracking":false,"_monsterinsights_sitenote_active":false,"_monsterinsights_sitenote_note":"","_monsterinsights_sitenote_category":0,"_uf_show_specific_survey":0,"_uf_disable_surveys":false,"jetpack_post_was_ever_published":false,"_jetpack_newsletter_access":"","_jetpack_dont_email_post_to_subs":false,"_jetpack_newsletter_tier_id":0,"_jetpack_memberships_contains_paywalled_content":false,"_jetpack_memberships_contains_paid_content":false,"footnotes":"","jetpack_publicize_message":"","jetpack_publicize_feature_enabled":true,"jetpack_social_post_already_shared":false,"jetpack_social_options":{"image_generator_settings":{"template":"highway","default_image_id":0,"font":"","enabled":false},"version":2}},"categories":[3],"tags":[],"class_list":["post-12669","post","type-post","status-publish","format-standard","has-post-thumbnail","hentry","category-salud"],"aioseo_notices":[],"views":5,"jetpack_publicize_connections":[],"jetpack_featured_media_url":"https:\/\/i0.wp.com\/elterritorialweb.com.ar\/web\/wp-content\/uploads\/2020\/09\/COLONIA-DORA-1.jpg?fit=1280%2C720&ssl=1","jetpack_sharing_enabled":true,"_links":{"self":[{"href":"https:\/\/elterritorialweb.com.ar\/web\/wp-json\/wp\/v2\/posts\/12669","targetHints":{"allow":["GET"]}}],"collection":[{"href":"https:\/\/elterritorialweb.com.ar\/web\/wp-json\/wp\/v2\/posts"}],"about":[{"href":"https:\/\/elterritorialweb.com.ar\/web\/wp-json\/wp\/v2\/types\/post"}],"author":[{"embeddable":true,"href":"https:\/\/elterritorialweb.com.ar\/web\/wp-json\/wp\/v2\/users\/2"}],"replies":[{"embeddable":true,"href":"https:\/\/elterritorialweb.com.ar\/web\/wp-json\/wp\/v2\/comments?post=12669"}],"version-history":[{"count":1,"href":"https:\/\/elterritorialweb.com.ar\/web\/wp-json\/wp\/v2\/posts\/12669\/revisions"}],"predecessor-version":[{"id":12670,"href":"https:\/\/elterritorialweb.com.ar\/web\/wp-json\/wp\/v2\/posts\/12669\/revisions\/12670"}],"wp:featuredmedia":[{"embeddable":true,"href":"https:\/\/elterritorialweb.com.ar\/web\/wp-json\/wp\/v2\/media\/10557"}],"wp:attachment":[{"href":"https:\/\/elterritorialweb.com.ar\/web\/wp-json\/wp\/v2\/media?parent=12669"}],"wp:term":[{"taxonomy":"category","embeddable":true,"href":"https:\/\/elterritorialweb.com.ar\/web\/wp-json\/wp\/v2\/categories?post=12669"},{"taxonomy":"post_tag","embeddable":true,"href":"https:\/\/elterritorialweb.com.ar\/web\/wp-json\/wp\/v2\/tags?post=12669"}],"curies":[{"name":"wp","href":"https:\/\/api.w.org\/{rel}","templated":true}]}}