{"id":12671,"date":"2020-11-02T21:35:03","date_gmt":"2020-11-02T21:35:03","guid":{"rendered":"http:\/\/elterritorialweb.com.ar\/web\/?p=12671"},"modified":"2020-11-02T21:35:04","modified_gmt":"2020-11-02T21:35:04","slug":"convocatoria-para-el-consejo-juvenil-de-santiago-del-estero","status":"publish","type":"post","link":"https:\/\/elterritorialweb.com.ar\/web\/convocatoria-para-el-consejo-juvenil-de-santiago-del-estero\/","title":{"rendered":"CONVOCATORIA PARA EL CONSEJO JUVENIL DE SANTIAGO DEL ESTERO"},"content":{"rendered":"\n<p>Bajo el lema \u201cMi adolescencia en tiempos de pandemia\u201d, la Subnaf invita a adolescentes de entre 14 y 17 a\u00f1os y a j\u00f3venes de entre 18 y 20 a\u00f1os, a enviar un video, fotograf\u00eda, cuentos, poes\u00edas u otro material donde expresen, desde su mirada de j\u00f3venes, c\u00f3mo viven este tiempo de pandemia en lo personal, escolar, etc. Dichas producciones deber\u00e1n ser enviadas hasta el 15 de noviembre al correo electr\u00f3nico promoci\u00f3n.subnafsde@gmail.com consignado tambi\u00e9n sus datos personales (nombres, apellidos, DNI, edad, domicilio, tel\u00e9fono de contacto).<br>La tercera Sesi\u00f3n del Consejo Juvenil de Santiago del Estero tendr\u00e1 lugar el<br>viernes 27 de noviembre de manera virtual donde los y las consejeros debatir\u00e1n sobre diferentes ejes que tienen que ver con c\u00f3mo transitan su adolescencia en tiempos de pandemia. En cada sesi\u00f3n los consejeros que<br>representan a diferentes lugares de la provincia, participan de trabajos,<br>debaten proyectos y plasman ideas que luego sirven de base para la diagramaci\u00f3n de pol\u00edticas p\u00fablicas provinciales destinadas a la ni\u00f1ez y a la<br>adolescencia.<br>Cabe destacar que el Consejo Juvenil de Santiago del Estero es un \u00f3rgano consultivo previsto por la ley provincial N\u00b0 6.915 que sesiona desde el a\u00f1o 2018 donde adolescentes santiague\u00f1os de 14 a 17 a\u00f1os y j\u00f3venes de entre 18 hasta 20 a\u00f1os, que representan a diferentes ciudades y departamentos de la provincia, participan en la planificaci\u00f3n y revisi\u00f3n de programas, instituciones y pol\u00edticas p\u00fablicas de ni\u00f1ez y adolescencia.<br>La ley en su art\u00edculo 28 prev\u00e9 la incorporaci\u00f3n ni\u00f1os, ni\u00f1as y adolescentes<br>consejo provincial de ni\u00f1ez, adolescencia y familia.<br>Desde el a\u00f1o 2018 se implementa el consejo juvenil que sostiene sesiones<br>anuales con funcionamiento en paralelo y\/o acoplado a las sesiones del<br>consejo provincial de ni\u00f1ez.<\/p>\n","protected":false},"excerpt":{"rendered":"<p>La Subsecretar\u00eda de Ni\u00f1ez, Adolescencia y Familia lanz\u00f3 recientemente una invitaci\u00f3n para adolescentes y j\u00f3venes que residan en Santiago del Estero y quieran constituirse en consejeros y consejeras durante la III Sesi\u00f3n del Consejo Juvenil de Santiago del Estero el pr\u00f3ximo 27 de noviembre, que este a\u00f1o, se desarrollar\u00e1 de manera virtual.<\/p>\n","protected":false},"author":2,"featured_media":12672,"comment_status":"open","ping_status":"open","sticky":false,"template":"","format":"standard","meta":{"om_disable_all_campaigns":false,"_monsterinsights_skip_tracking":false,"_monsterinsights_sitenote_active":false,"_monsterinsights_sitenote_note":"","_monsterinsights_sitenote_category":0,"_uf_show_specific_survey":0,"_uf_disable_surveys":false,"jetpack_post_was_ever_published":false,"_jetpack_newsletter_access":"","_jetpack_dont_email_post_to_subs":false,"_jetpack_newsletter_tier_id":0,"_jetpack_memberships_contains_paywalled_content":false,"_jetpack_memberships_contains_paid_content":false,"footnotes":"","jetpack_publicize_message":"","jetpack_publicize_feature_enabled":true,"jetpack_social_post_already_shared":false,"jetpack_social_options":{"image_generator_settings":{"template":"highway","default_image_id":0,"font":"","enabled":false},"version":2}},"categories":[21],"tags":[],"class_list":["post-12671","post","type-post","status-publish","format-standard","has-post-thumbnail","hentry","category-locales"],"aioseo_notices":[],"views":10,"jetpack_publicize_connections":[],"jetpack_featured_media_url":"https:\/\/i0.wp.com\/elterritorialweb.com.ar\/web\/wp-content\/uploads\/2020\/11\/SUBNAF.jpg?fit=715%2C402&ssl=1","jetpack_sharing_enabled":true,"_links":{"self":[{"href":"https:\/\/elterritorialweb.com.ar\/web\/wp-json\/wp\/v2\/posts\/12671","targetHints":{"allow":["GET"]}}],"collection":[{"href":"https:\/\/elterritorialweb.com.ar\/web\/wp-json\/wp\/v2\/posts"}],"about":[{"href":"https:\/\/elterritorialweb.com.ar\/web\/wp-json\/wp\/v2\/types\/post"}],"author":[{"embeddable":true,"href":"https:\/\/elterritorialweb.com.ar\/web\/wp-json\/wp\/v2\/users\/2"}],"replies":[{"embeddable":true,"href":"https:\/\/elterritorialweb.com.ar\/web\/wp-json\/wp\/v2\/comments?post=12671"}],"version-history":[{"count":1,"href":"https:\/\/elterritorialweb.com.ar\/web\/wp-json\/wp\/v2\/posts\/12671\/revisions"}],"predecessor-version":[{"id":12673,"href":"https:\/\/elterritorialweb.com.ar\/web\/wp-json\/wp\/v2\/posts\/12671\/revisions\/12673"}],"wp:featuredmedia":[{"embeddable":true,"href":"https:\/\/elterritorialweb.com.ar\/web\/wp-json\/wp\/v2\/media\/12672"}],"wp:attachment":[{"href":"https:\/\/elterritorialweb.com.ar\/web\/wp-json\/wp\/v2\/media?parent=12671"}],"wp:term":[{"taxonomy":"category","embeddable":true,"href":"https:\/\/elterritorialweb.com.ar\/web\/wp-json\/wp\/v2\/categories?post=12671"},{"taxonomy":"post_tag","embeddable":true,"href":"https:\/\/elterritorialweb.com.ar\/web\/wp-json\/wp\/v2\/tags?post=12671"}],"curies":[{"name":"wp","href":"https:\/\/api.w.org\/{rel}","templated":true}]}}