{"id":12674,"date":"2020-11-02T21:40:06","date_gmt":"2020-11-02T21:40:06","guid":{"rendered":"http:\/\/elterritorialweb.com.ar\/web\/?p=12674"},"modified":"2020-11-03T00:54:19","modified_gmt":"2020-11-03T00:54:19","slug":"mirolo-se-reunio-con-agrupaciones-locales-para-la-creacion-de-un-espacio-de-rehabilitacion-y-esparcimiento","status":"publish","type":"post","link":"https:\/\/elterritorialweb.com.ar\/web\/mirolo-se-reunio-con-agrupaciones-locales-para-la-creacion-de-un-espacio-de-rehabilitacion-y-esparcimiento\/","title":{"rendered":"MIROLO SE REUNI\u00d3 CON AGRUPACIONES LOCALES PARA LA CREACI\u00d3N DE UN ESPACIO DE REHABILITACI\u00d3N Y ESPARCIMIENTO"},"content":{"rendered":"\n<p>En la oportunidad el jefe comunal se reuni\u00f3 con la representante del Centro&nbsp; Cultural \u00abEncuentro en La Darsena\u00bb, Lucila Zarate y la presidente del Centro Cultural de Adultos Mayores \u00abVivir\u00bb, Luci de Zarate quienes presentaron un ambicioso proyecto de creaci\u00f3n de un espacio en el que ancianos, personas con discapacidad, entre otros puedan ir a recrearse y rehabilitarse a trav\u00e9s de diferentes metodolog\u00edas.<\/p>\n\n\n\n<p>De la reuni\u00f3n, tambien particip\u00f3 la referente de la Oficina del Adulto Mayor, dependiente de la Direcci\u00f3n de Desarrollo Social Caroline Boyanovsky, quien destac\u00f3 la iniciativa de estas agrupaciones que trabajan por el bienestar comunitario y la contenci\u00f3n a grupos vulnerables.<\/p>\n\n\n\n<p>\u00abDesde hace 4 a\u00f1os que se conform\u00f3 la Oficina del Adulto Mayor desde donde procuramos crear y respaldar proyectos que beneficien a diferentes sectores de la comunidad, como en este caso en el que estas agrupaciones quieren ceder un terreno en la localidad de La Darsena para que se cree un espacio de esparcimiento para los adultos mayores, entre otras prestaciones\u00bb, se\u00f1al\u00f3 Boyanovsky.<\/p>\n","protected":false},"excerpt":{"rendered":"<p>El intendente Pablo Mirolo se reuni\u00f3 con representantes del Centro  Cultural \u00abEncuentro en La Darsena\u00bb y del Centro Cultural de Adultos Mayores \u00abVivir\u00bb quienes presentaron el proyecto de creaci\u00f3n de un espacio de rehabilitaci\u00f3n y esparcimiento en la localidad de La D\u00e1rsena.<\/p>\n","protected":false},"author":2,"featured_media":12675,"comment_status":"open","ping_status":"open","sticky":false,"template":"","format":"standard","meta":{"om_disable_all_campaigns":false,"_monsterinsights_skip_tracking":false,"_monsterinsights_sitenote_active":false,"_monsterinsights_sitenote_note":"","_monsterinsights_sitenote_category":0,"_uf_show_specific_survey":0,"_uf_disable_surveys":false,"jetpack_post_was_ever_published":false,"_jetpack_newsletter_access":"","_jetpack_dont_email_post_to_subs":false,"_jetpack_newsletter_tier_id":0,"_jetpack_memberships_contains_paywalled_content":false,"_jetpack_memberships_contains_paid_content":false,"footnotes":"","jetpack_publicize_message":"","jetpack_publicize_feature_enabled":true,"jetpack_social_post_already_shared":false,"jetpack_social_options":{"image_generator_settings":{"template":"highway","default_image_id":0,"font":"","enabled":false},"version":2}},"categories":[21],"tags":[],"class_list":["post-12674","post","type-post","status-publish","format-standard","has-post-thumbnail","hentry","category-locales"],"aioseo_notices":[],"views":7,"jetpack_publicize_connections":[],"jetpack_featured_media_url":"https:\/\/i0.wp.com\/elterritorialweb.com.ar\/web\/wp-content\/uploads\/2020\/11\/MIROLO-CON-AGRUPACIONES.jpg?fit=1030%2C773&ssl=1","jetpack_sharing_enabled":true,"_links":{"self":[{"href":"https:\/\/elterritorialweb.com.ar\/web\/wp-json\/wp\/v2\/posts\/12674","targetHints":{"allow":["GET"]}}],"collection":[{"href":"https:\/\/elterritorialweb.com.ar\/web\/wp-json\/wp\/v2\/posts"}],"about":[{"href":"https:\/\/elterritorialweb.com.ar\/web\/wp-json\/wp\/v2\/types\/post"}],"author":[{"embeddable":true,"href":"https:\/\/elterritorialweb.com.ar\/web\/wp-json\/wp\/v2\/users\/2"}],"replies":[{"embeddable":true,"href":"https:\/\/elterritorialweb.com.ar\/web\/wp-json\/wp\/v2\/comments?post=12674"}],"version-history":[{"count":2,"href":"https:\/\/elterritorialweb.com.ar\/web\/wp-json\/wp\/v2\/posts\/12674\/revisions"}],"predecessor-version":[{"id":12680,"href":"https:\/\/elterritorialweb.com.ar\/web\/wp-json\/wp\/v2\/posts\/12674\/revisions\/12680"}],"wp:featuredmedia":[{"embeddable":true,"href":"https:\/\/elterritorialweb.com.ar\/web\/wp-json\/wp\/v2\/media\/12675"}],"wp:attachment":[{"href":"https:\/\/elterritorialweb.com.ar\/web\/wp-json\/wp\/v2\/media?parent=12674"}],"wp:term":[{"taxonomy":"category","embeddable":true,"href":"https:\/\/elterritorialweb.com.ar\/web\/wp-json\/wp\/v2\/categories?post=12674"},{"taxonomy":"post_tag","embeddable":true,"href":"https:\/\/elterritorialweb.com.ar\/web\/wp-json\/wp\/v2\/tags?post=12674"}],"curies":[{"name":"wp","href":"https:\/\/api.w.org\/{rel}","templated":true}]}}