{"id":12686,"date":"2020-11-03T01:24:26","date_gmt":"2020-11-03T01:24:26","guid":{"rendered":"http:\/\/elterritorialweb.com.ar\/web\/?p=12686"},"modified":"2020-11-03T01:24:26","modified_gmt":"2020-11-03T01:24:26","slug":"medicamentos-a-domicilio-una-alternativa-del-programa-provincial-de-vih-sida-its-y-hepatitis-virales","status":"publish","type":"post","link":"https:\/\/elterritorialweb.com.ar\/web\/medicamentos-a-domicilio-una-alternativa-del-programa-provincial-de-vih-sida-its-y-hepatitis-virales\/","title":{"rendered":"MEDICAMENTOS A DOMICILIO, UNA ALTERNATIVA DEL PROGRAMA PROVINCIAL DE VIH\/SIDA-ITS Y HEPATITIS VIRALES"},"content":{"rendered":"\n<p>El Responsable de la Gesti\u00f3n Operativa el Lic. Vittorio Ramos expres\u00f3: \u00abla farmacia sigue abierta en el horario de 07:30 a 13:00hs, para garantizar el acceso a los medicamentos de toda la poblaci\u00f3n. <\/p>\n\n\n\n<p>Pero el problema es que nuestros usuarios del servicio est\u00e1n en los grupos de riesgo del Covid-19, alguna persona no tiene quien les vaya a buscar los tratamientos. <\/p>\n\n\n\n<p>Para esas personas, se pens\u00f3 una forma alternativa. Primero, el Ministerio de Salud decidi\u00f3 que se habilite la receta digital y otras alternativas para la dispensa. <\/p>\n\n\n\n<p>Adem\u00e1s, se habilit\u00f3 el servicio de entrega a domicilio\u00bb. Se debe solicitar la medicaci\u00f3n al whatsapp 385-154071822, la misma ser\u00e1 enviada en el transcurso de los 7 d\u00edas. con el fin de asegurar el acceso a la medicaci\u00f3n de los pacientes que por sus circunstancias especiales no pueden desplazarse a la farmacia, evitando as\u00ed salidas de su domicilio que puedan potenciar el riesgo de contagio durante la pandemia del coronavirus.<a href=\"https:\/\/www.facebook.com\/ministeriosaludsantiago\/photos\/a.377636345764247\/1432779386916599\/?__cft__[0]=AZVhMpoTiid8Tvkxu1-tSGddtmSACHloAEvO9tXMkqnP1fUoRLgbZvT5PsBqpmi9XZ9dPs8uHjCsJrjXDDHVSQlsinsiKN6YMtq0HP486NSLuZG49uByPrrbATPbz37DR2vTEXSnICgyIVOOCunRKdnS&amp;__tn__=EH-R\"><\/a><\/p>\n\n\n\n<p><\/p>\n","protected":false},"excerpt":{"rendered":"<p>El Programa de VIH del Ministerio de Salud viene trabajando de esta forma para que los pacientes puedan cumplir la cuarentena.<\/p>\n","protected":false},"author":2,"featured_media":12687,"comment_status":"open","ping_status":"open","sticky":false,"template":"","format":"standard","meta":{"om_disable_all_campaigns":false,"_monsterinsights_skip_tracking":false,"_monsterinsights_sitenote_active":false,"_monsterinsights_sitenote_note":"","_monsterinsights_sitenote_category":0,"_uf_show_specific_survey":0,"_uf_disable_surveys":false,"jetpack_post_was_ever_published":false,"_jetpack_newsletter_access":"","_jetpack_dont_email_post_to_subs":false,"_jetpack_newsletter_tier_id":0,"_jetpack_memberships_contains_paywalled_content":false,"_jetpack_memberships_contains_paid_content":false,"footnotes":"","jetpack_publicize_message":"","jetpack_publicize_feature_enabled":true,"jetpack_social_post_already_shared":false,"jetpack_social_options":{"image_generator_settings":{"template":"highway","default_image_id":0,"font":"","enabled":false},"version":2}},"categories":[3],"tags":[],"class_list":["post-12686","post","type-post","status-publish","format-standard","has-post-thumbnail","hentry","category-salud"],"aioseo_notices":[],"views":7,"jetpack_publicize_connections":[],"jetpack_featured_media_url":"https:\/\/i0.wp.com\/elterritorialweb.com.ar\/web\/wp-content\/uploads\/2020\/11\/VIH-MEDICAMENTOS-A-DOMICILIO.jpg?fit=1080%2C810&ssl=1","jetpack_sharing_enabled":true,"_links":{"self":[{"href":"https:\/\/elterritorialweb.com.ar\/web\/wp-json\/wp\/v2\/posts\/12686","targetHints":{"allow":["GET"]}}],"collection":[{"href":"https:\/\/elterritorialweb.com.ar\/web\/wp-json\/wp\/v2\/posts"}],"about":[{"href":"https:\/\/elterritorialweb.com.ar\/web\/wp-json\/wp\/v2\/types\/post"}],"author":[{"embeddable":true,"href":"https:\/\/elterritorialweb.com.ar\/web\/wp-json\/wp\/v2\/users\/2"}],"replies":[{"embeddable":true,"href":"https:\/\/elterritorialweb.com.ar\/web\/wp-json\/wp\/v2\/comments?post=12686"}],"version-history":[{"count":1,"href":"https:\/\/elterritorialweb.com.ar\/web\/wp-json\/wp\/v2\/posts\/12686\/revisions"}],"predecessor-version":[{"id":12688,"href":"https:\/\/elterritorialweb.com.ar\/web\/wp-json\/wp\/v2\/posts\/12686\/revisions\/12688"}],"wp:featuredmedia":[{"embeddable":true,"href":"https:\/\/elterritorialweb.com.ar\/web\/wp-json\/wp\/v2\/media\/12687"}],"wp:attachment":[{"href":"https:\/\/elterritorialweb.com.ar\/web\/wp-json\/wp\/v2\/media?parent=12686"}],"wp:term":[{"taxonomy":"category","embeddable":true,"href":"https:\/\/elterritorialweb.com.ar\/web\/wp-json\/wp\/v2\/categories?post=12686"},{"taxonomy":"post_tag","embeddable":true,"href":"https:\/\/elterritorialweb.com.ar\/web\/wp-json\/wp\/v2\/tags?post=12686"}],"curies":[{"name":"wp","href":"https:\/\/api.w.org\/{rel}","templated":true}]}}