{"id":12689,"date":"2020-11-03T01:36:12","date_gmt":"2020-11-03T01:36:12","guid":{"rendered":"http:\/\/elterritorialweb.com.ar\/web\/?p=12689"},"modified":"2020-11-03T01:42:00","modified_gmt":"2020-11-03T01:42:00","slug":"coronavirus-en-santiago-se-confirmaron-74-casos-positivos-en-la-provincia-2","status":"publish","type":"post","link":"https:\/\/elterritorialweb.com.ar\/web\/coronavirus-en-santiago-se-confirmaron-74-casos-positivos-en-la-provincia-2\/","title":{"rendered":"CORONAVIRUS EN SANTIAGO: SE CONFIRMARON 74 CASOS POSITIVOS EN LA PROVINCIA"},"content":{"rendered":"\n<p>Se recuperaron el d\u00eda de hoy ciento dos (102) casos confirmados, por lo que son tres mil setecientos sesenta y ocho (3768) los casos recuperados en la provincia.<\/p>\n\n\n\n<p><strong>Se notific\u00f3 el fallecimiento de un hombre de 69 a\u00f1os, con antecedentes de hipertensi\u00f3n que estaba internado en el Centro de Salud Mama Antula.<\/strong><\/p>\n\n\n\n<p>Hay un total de ciento treinta y tres (133) personas positivas fallecidas en la provincia.<\/p>\n\n\n\n<p> Se procesaron un total de trescientas treinta y cinco (335) muestras el d\u00eda de hoy. <\/p>\n\n\n\n<p> <strong>Se confirmaron setenta y cuatro (74) casos positivos. Capital-Banda (60), Interior de la provincia (14) casos, distribuidos de la siguiente manera: Beltr\u00e1n 1; Campo Gallo 1; Pampa de los Guanacos 1 (Domicilio Chaco); Pampa de Los Guanacos 1 (Domicilio C\u00f3rdoba); Forres 2; Nueva Esperanza 1; Pampa de los Guanacos 2; R\u00edo Hondo 3; Robles 1; Sumampa 1.<\/strong>  <\/p>\n\n\n\n<p>Permanecen activos seis mil sesenta y tres (6.063) casos en la provincia.  <\/p>\n\n\n\n<p>El total acumulado de casos positivos es de nueve mil novecientos sesenta y cinco (9.965) casos positivos.<\/p>\n\n\n\n<p>Se descartaron doscientos sesenta y uno (261) casos el d\u00eda de hoy, por lo que hay treinta y ocho mil cuatrocientos ochenta y seis (38.486) casos descartados a la fecha. <\/p>\n\n\n\n<p><strong>RECOMENDACIONES<\/strong><\/p>\n\n\n\n<p>Se recuerda que TODAS las personas que son contacto estrecho de casos positivos que DEBEN realizar un AISLAMIENTO SANITARIO OBLIGATORIO de 14 d\u00edas, aunque no presenten s\u00edntomas e independientemente si fueron hisopados y su resultado fue no detectable (negativo). <\/p>\n\n\n\n<p>Durante el aislamiento sanitario las personas no pueden salir de su hogar ni recibir visitas y deben cumplir con las medidas de prevenci\u00f3n indicadas por las autoridades sanitarias. <\/p>\n\n\n\n<p>Ante la presencia de fiebre mayor o igual a 37,5\u00b0 y s\u00edntomas respiratorios como tos, dolor de garganta, dificultad para respirar, adem\u00e1s de falta de gusto y olfato de reciente aparici\u00f3n, y tambi\u00e9n cefalea, diarrea y\/o v\u00f3mitos o al haber estado en contacto con un caso confirmado, se insta a la poblaci\u00f3n a que haga un contacto de inmediato con el sistema de salud contact\u00e1ndose con su centro de salud m\u00e1s cercano o comunic\u00e1ndose al 107 y evite el contacto social. <\/p>\n\n\n\n<p>Tambi\u00e9n se recuerda que se realiza el hisopado a los contactos estrechos de casos positivos que presenten s\u00edntomas o que tengan factores de riesgo (mayores de 60 a\u00f1os, embarazadas, inmunocomprometidos, enfermos oncologicos o dializados)<\/p>\n\n\n\n<p>Recordemos continuar respetando las medidas de distancia f\u00edsica y lavarnos frecuentemente las manos con agua y jab\u00f3n. Si necesitamos salir usemos el barbijo correctamente sin tocarlo ni tocarnos la cara. <\/p>\n\n\n\n<p>Respetar todos los protocolos vigentes y las actividades permitidas, y no realizar reuniones sociales o familiares evitando contacto estrecho con personas que no sean convivientes.<\/p>\n","protected":false},"excerpt":{"rendered":"<p>INFORME DEL MINISTERIO DE SALUD DE LA PROVINCIA DE SANTIAGO DEL ESTERO<\/p>\n","protected":false},"author":2,"featured_media":12690,"comment_status":"open","ping_status":"open","sticky":false,"template":"","format":"standard","meta":{"om_disable_all_campaigns":false,"_monsterinsights_skip_tracking":false,"_monsterinsights_sitenote_active":false,"_monsterinsights_sitenote_note":"","_monsterinsights_sitenote_category":0,"_uf_show_specific_survey":0,"_uf_disable_surveys":false,"jetpack_post_was_ever_published":false,"_jetpack_newsletter_access":"","_jetpack_dont_email_post_to_subs":false,"_jetpack_newsletter_tier_id":0,"_jetpack_memberships_contains_paywalled_content":false,"_jetpack_memberships_contains_paid_content":false,"footnotes":"","jetpack_publicize_message":"","jetpack_publicize_feature_enabled":true,"jetpack_social_post_already_shared":false,"jetpack_social_options":{"image_generator_settings":{"template":"highway","default_image_id":0,"font":"","enabled":false},"version":2}},"categories":[3],"tags":[],"class_list":["post-12689","post","type-post","status-publish","format-standard","has-post-thumbnail","hentry","category-salud"],"aioseo_notices":[],"views":7,"jetpack_publicize_connections":[],"jetpack_featured_media_url":"https:\/\/i0.wp.com\/elterritorialweb.com.ar\/web\/wp-content\/uploads\/2020\/11\/REPORTE-DIARIO-2-DE-NOVIEMBRE.jpg?fit=909%2C1213&ssl=1","jetpack_sharing_enabled":true,"_links":{"self":[{"href":"https:\/\/elterritorialweb.com.ar\/web\/wp-json\/wp\/v2\/posts\/12689","targetHints":{"allow":["GET"]}}],"collection":[{"href":"https:\/\/elterritorialweb.com.ar\/web\/wp-json\/wp\/v2\/posts"}],"about":[{"href":"https:\/\/elterritorialweb.com.ar\/web\/wp-json\/wp\/v2\/types\/post"}],"author":[{"embeddable":true,"href":"https:\/\/elterritorialweb.com.ar\/web\/wp-json\/wp\/v2\/users\/2"}],"replies":[{"embeddable":true,"href":"https:\/\/elterritorialweb.com.ar\/web\/wp-json\/wp\/v2\/comments?post=12689"}],"version-history":[{"count":3,"href":"https:\/\/elterritorialweb.com.ar\/web\/wp-json\/wp\/v2\/posts\/12689\/revisions"}],"predecessor-version":[{"id":12693,"href":"https:\/\/elterritorialweb.com.ar\/web\/wp-json\/wp\/v2\/posts\/12689\/revisions\/12693"}],"wp:featuredmedia":[{"embeddable":true,"href":"https:\/\/elterritorialweb.com.ar\/web\/wp-json\/wp\/v2\/media\/12690"}],"wp:attachment":[{"href":"https:\/\/elterritorialweb.com.ar\/web\/wp-json\/wp\/v2\/media?parent=12689"}],"wp:term":[{"taxonomy":"category","embeddable":true,"href":"https:\/\/elterritorialweb.com.ar\/web\/wp-json\/wp\/v2\/categories?post=12689"},{"taxonomy":"post_tag","embeddable":true,"href":"https:\/\/elterritorialweb.com.ar\/web\/wp-json\/wp\/v2\/tags?post=12689"}],"curies":[{"name":"wp","href":"https:\/\/api.w.org\/{rel}","templated":true}]}}