{"id":12697,"date":"2020-11-03T13:07:08","date_gmt":"2020-11-03T13:07:08","guid":{"rendered":"http:\/\/elterritorialweb.com.ar\/web\/?p=12697"},"modified":"2020-11-03T13:07:09","modified_gmt":"2020-11-03T13:07:09","slug":"la-recaudacion-nacional-de-octubre-mejoro-por-la-paulatina-recuperacion-de-la-actividad-economica","status":"publish","type":"post","link":"https:\/\/elterritorialweb.com.ar\/web\/la-recaudacion-nacional-de-octubre-mejoro-por-la-paulatina-recuperacion-de-la-actividad-economica\/","title":{"rendered":"LA RECAUDACI\u00d3N NACIONAL DE OCTUBRE MEJOR\u00d3 POR LA PAULATINA RECUPERACI\u00d3N  DE LA ACTIVIDAD ECON\u00d3MICA"},"content":{"rendered":"\n<p>La mejora en la recaudaci\u00f3n del mes de octubre respondi\u00f3 tanto a la paulatina recuperaci\u00f3n de la actividad econ\u00f3mica como a la desaceleraci\u00f3n del nivel general de precios, resultado que contribuye a la normalizaci\u00f3n financiera del Sector P\u00fablico Nacional.<\/p>\n\n\n\n<p>La recaudaci\u00f3n tributaria creci\u00f3 en octubre un 43,9% en comparaci\u00f3n con el mismo mes del a\u00f1o anterior, reflej\u00e1ndose por segundo mes consecutivo una variaci\u00f3n positiva en t\u00e9rminos reales superior a los 5 puntos porcentuales.<\/p>\n\n\n\n<p>Al igual que el mes pasado, en el marco del fortalecimiento de la sostenibilidad de las finanzas p\u00fablicas, los recursos que traccionaron esta suba fueron principalmente los asociados a la Ley de Solidaridad Social y Reactivaci\u00f3n Productiva (Bienes Personales, Ganancias, Aportes y Contribuciones Patronales, entre otros) que ven\u00edan siendo afectados por la pandemia COVID-19.<\/p>\n\n\n\n<p>En particular, el subtotal de los tributos DGI registr\u00f3 un incremento del 61% interanual. Este impulso fue motorizado principalmente por el impuesto a los Bienes Personales (+592% i.a.), Ganancias (+76% i.a) e Internos Coparticipados (+46% i.a). En cuanto al Impuesto al Valor Agregado, si bien el crecimiento interanual en octubre se encuentra todav\u00eda por debajo de la inflaci\u00f3n (+26,4% i.a.), el mismo viene registrando mejoras significativas en los \u00faltimos meses.<\/p>\n\n\n\n<p>En cuanto a los impuestos asociados a seguridad social (+32,4% i.a.) se puede observar una clara divergencia entre los Aportes Personales (+51,3% i.a.) y las Contribuciones Patronales (+22,9% i.a.) explicada particularmente por el impacto de la reducci\u00f3n del 95% de las al\u00edcuotas de las contribuciones patronales para las actividades del sector salud y las afectadas en forma cr\u00edtica por la pandemia, fen\u00f3meno que refleja el esfuerzo fiscal que contin\u00faa realizando el Estado Nacional.<\/p>\n\n\n\n<p>Por \u00faltimo, los tributos DGA registran una variaci\u00f3n interanual de 18,5%. Este desempe\u00f1o estuvo influenciado en particular por los impuestos al comercio exterior. En el caso de los Derechos de Exportaci\u00f3n (+1,8% i.a.), influy\u00f3 el adelantamiento de las operaciones registradas en igual periodo de 2019 en detrimento del a\u00f1o 2020 y la reducci\u00f3n de las al\u00edcuotas de derechos de las prestaciones de servicios, hidrocarburos, miner\u00eda, determinados bienes e insumos industriales, complejo sojero y sector automotriz anunciada en el mes de octubre. Respecto a los impuestos a las Importaciones (+15,8% i.a.), su comportamiento se vio afectado producto de la ca\u00edda de las importaciones en el marco de las medidas de aislamiento.<\/p>\n\n\n\n<p>En este contexto, la sostenida recuperaci\u00f3n de la recaudaci\u00f3n nacional es una condici\u00f3n necesaria para la estabilizaci\u00f3n macroecon\u00f3mica de la Argentina. Asimismo, la din\u00e1mica de la recaudaci\u00f3n nacional observada en los dos \u00faltimos meses denota se\u00f1ales positivas asociadas a la incipiente reactivaci\u00f3n econ\u00f3mica tras la irrupci\u00f3n del COVID-19.<\/p>\n\n\n\n<p>Recaudaci\u00f3n Nacional<br>Variaci\u00f3n interanual real (%)<\/p>\n\n\n\n<figure class=\"wp-block-image\"><img data-recalc-dims=\"1\" decoding=\"async\" data-src=\"https:\/\/i0.wp.com\/www.argentina.gob.ar\/sites\/default\/files\/graficcomunicado_02112020.jpg?w=640&#038;ssl=1\" alt=\"\" src=\"data:image\/svg+xml;base64,PHN2ZyB3aWR0aD0iMSIgaGVpZ2h0PSIxIiB4bWxucz0iaHR0cDovL3d3dy53My5vcmcvMjAwMC9zdmciPjwvc3ZnPg==\" class=\"lazyload\" \/><\/figure>\n","protected":false},"excerpt":{"rendered":"<p>En el mes de octubre la recaudaci\u00f3n nacional continu\u00f3 siendo motorizada por las reformas de la Ley de Solidaridad Social y Reactivaci\u00f3n Productiva<\/p>\n","protected":false},"author":2,"featured_media":12698,"comment_status":"open","ping_status":"open","sticky":false,"template":"","format":"standard","meta":{"om_disable_all_campaigns":false,"_monsterinsights_skip_tracking":false,"_monsterinsights_sitenote_active":false,"_monsterinsights_sitenote_note":"","_monsterinsights_sitenote_category":0,"_uf_show_specific_survey":0,"_uf_disable_surveys":false,"jetpack_post_was_ever_published":false,"_jetpack_newsletter_access":"","_jetpack_dont_email_post_to_subs":false,"_jetpack_newsletter_tier_id":0,"_jetpack_memberships_contains_paywalled_content":false,"_jetpack_memberships_contains_paid_content":false,"footnotes":"","jetpack_publicize_message":"","jetpack_publicize_feature_enabled":true,"jetpack_social_post_already_shared":false,"jetpack_social_options":{"image_generator_settings":{"template":"highway","default_image_id":0,"font":"","enabled":false},"version":2}},"categories":[2],"tags":[],"class_list":["post-12697","post","type-post","status-publish","format-standard","has-post-thumbnail","hentry","category-economia"],"aioseo_notices":[],"views":18,"jetpack_publicize_connections":[],"jetpack_featured_media_url":"https:\/\/i0.wp.com\/elterritorialweb.com.ar\/web\/wp-content\/uploads\/2020\/11\/reactivacion-economica.jpg?fit=752%2C440&ssl=1","jetpack_sharing_enabled":true,"_links":{"self":[{"href":"https:\/\/elterritorialweb.com.ar\/web\/wp-json\/wp\/v2\/posts\/12697","targetHints":{"allow":["GET"]}}],"collection":[{"href":"https:\/\/elterritorialweb.com.ar\/web\/wp-json\/wp\/v2\/posts"}],"about":[{"href":"https:\/\/elterritorialweb.com.ar\/web\/wp-json\/wp\/v2\/types\/post"}],"author":[{"embeddable":true,"href":"https:\/\/elterritorialweb.com.ar\/web\/wp-json\/wp\/v2\/users\/2"}],"replies":[{"embeddable":true,"href":"https:\/\/elterritorialweb.com.ar\/web\/wp-json\/wp\/v2\/comments?post=12697"}],"version-history":[{"count":1,"href":"https:\/\/elterritorialweb.com.ar\/web\/wp-json\/wp\/v2\/posts\/12697\/revisions"}],"predecessor-version":[{"id":12699,"href":"https:\/\/elterritorialweb.com.ar\/web\/wp-json\/wp\/v2\/posts\/12697\/revisions\/12699"}],"wp:featuredmedia":[{"embeddable":true,"href":"https:\/\/elterritorialweb.com.ar\/web\/wp-json\/wp\/v2\/media\/12698"}],"wp:attachment":[{"href":"https:\/\/elterritorialweb.com.ar\/web\/wp-json\/wp\/v2\/media?parent=12697"}],"wp:term":[{"taxonomy":"category","embeddable":true,"href":"https:\/\/elterritorialweb.com.ar\/web\/wp-json\/wp\/v2\/categories?post=12697"},{"taxonomy":"post_tag","embeddable":true,"href":"https:\/\/elterritorialweb.com.ar\/web\/wp-json\/wp\/v2\/tags?post=12697"}],"curies":[{"name":"wp","href":"https:\/\/api.w.org\/{rel}","templated":true}]}}