{"id":12700,"date":"2020-11-03T13:16:04","date_gmt":"2020-11-03T13:16:04","guid":{"rendered":"http:\/\/elterritorialweb.com.ar\/web\/?p=12700"},"modified":"2020-11-03T13:16:48","modified_gmt":"2020-11-03T13:16:48","slug":"trotta-destaco-el-aumento-en-inversion-educativa-que-se-realizara-en-el-2021","status":"publish","type":"post","link":"https:\/\/elterritorialweb.com.ar\/web\/trotta-destaco-el-aumento-en-inversion-educativa-que-se-realizara-en-el-2021\/","title":{"rendered":"TROTTA DESTAC\u00d3 EL AUMENTO EN INVERSI\u00d3N EDUCATIVA QUE SE REALIZAR\u00c1 EN EL 2021"},"content":{"rendered":"\n<p>El acto se llev\u00f3 a cabo en la Escuela de Educaci\u00f3n Secundaria N\u00b0131, junto al intendente municipal,\u00a0<strong>Fernando Espinoza<\/strong>, y autoridades del distrito. Adem\u00e1s, se firm\u00f3 el Convenio de fondos de COVID-19 para mejoras y refacciones de infraestructura y compra de insumos en establecimientos educativos p\u00fablicos de gesti\u00f3n estatal del distrito.<\/p>\n\n\n\n<p>El titular de la cartera educativa afirm\u00f3 que&nbsp;<em>\u201cNos encontramos en un momento donde tenemos que seguir fortaleciendo la recuperaci\u00f3n de la sociedad, pero tambi\u00e9n la capacidad de respuesta del Estado y eso es lo que hemos hecho en este a\u00f1o tan dif\u00edcil para todos y todas\u201d<\/em>, y resalt\u00f3 como ejemplo de las distintas acciones realizadas la distribuci\u00f3n de las computadoras, que en el caso de La Matanza hoy son m\u00e1s de 8000; las obras de infraestructura y la construcci\u00f3n de nuevos jardines.<\/p>\n\n\n\n<p>En cuanto a las inversiones proyectadas para el a\u00f1o pr\u00f3ximo,&nbsp;<strong>Trotta<\/strong>&nbsp;destac\u00f3 que&nbsp;<em>\u201ca las palabras hay que acompa\u00f1arlas con compromisos, es por eso que por decisi\u00f3n de nuestro Presidente el presupuesto, que ya cuenta con media sanci\u00f3n en la c\u00e1mara de diputados implicar\u00e1 un 80% de aumento en la inversi\u00f3n educativa para la Educaci\u00f3n Obligatoria. Estamos triplicando la inversi\u00f3n en nuestro plan de conectividad Juana Manso, multiplicando por siete la inversi\u00f3n en jardines de infantes, por cinco lo que son las refacciones de nuestras escuelas, y duplicando la inversi\u00f3n en las Becas Progresar para el a\u00f1o pr\u00f3ximo\u201d.<\/em><\/p>\n\n\n\n<p>Asimismo, el ministro manifest\u00f3 que&nbsp;<em>\u201clos avances que tenemos que construir con el enorme esfuerzo de todos y todas debemos consolidarlos a partir del compromiso social para que nunca m\u00e1s se desinvierta en educaci\u00f3n, para que nunca m\u00e1s se le d\u00e9 la espalda a los programas que implican ampliar la garant\u00eda del derecho a la educaci\u00f3n\u201d<\/em>. Y concluy\u00f3:&nbsp;<em>\u201cEn el presupuesto 2021 estamos trabajando con las 24 jurisdicciones educativas y asumiendo desde el Estado Nacional el desaf\u00edo de adquirir y distribuir manuales y libros de texto a todos nuestros estudiantes como herramienta de garant\u00eda de mayores oportunidades para todas y todos\u00bb.<\/em><\/p>\n\n\n\n<p>El intendente de La Matanza,&nbsp;<strong>Espinoza<\/strong>, destac\u00f3 y agradeci\u00f3 la visita del ministro&nbsp;<strong>Trotta<\/strong>&nbsp;diciendo:&nbsp;<em>\u201cHoy despu\u00e9s de 4 a\u00f1os, podemos decir con much\u00ecsima alegr\u00eda, que nuestro ministro de Educaci\u00f3n est\u00e1 haciendo realidad los sue\u00f1os de m\u00e1s de 8000 alumnos de La Matanza. La Matanza tiene 125 jardines de infantes, 209 escuelas primarias y 198 secundarias (de las cuales 14 son t\u00e9cnicas) de gesti\u00f3n estatal y vamos a construir m\u00e1s. Dimos vuelta la p\u00e1gina con esa Argentina que era para unos pocos, donde gobernaban aquellos que no cre\u00edan en la escuela p\u00fablica y que no cre\u00edan que los hijos de los trabajadores pod\u00edan llegar a la universidad. En La Matanza, gracias a la escuela p\u00fablica, los hijos de los trabajadores llegan a la Universidad de La Matanza y se reciben de m\u00e9dicos, de ingenieros, de arquitectos, de trabajadores sociales\u201d.<\/em><\/p>\n\n\n\n<p>Al concluir sus palabras,\u00a0<strong>Espinoza<\/strong>\u00a0se\u00f1al\u00f3:\u00a0<em>\u201cEn esta primera visita de Nicol\u00e1s Trotta al distrito, puedo decir que gracias a nuestro presidente, a nuestra vicepresidenta y a nuestro ministro de Educaci\u00f3n nacional, el a\u00f1o que viene lo que les promet\u00ed lo vamos a hacer realidad: vamos a abrir las puertas de la nueva universidad de Gonz\u00e1lez Cat\u00e1n para los chicos y chicas del centro y sur de La Matanza. Para que todas y todos, hayamos nacido en el hogar en que nacimos, tengamos igualdad de oportunidades en la vida. Eso es interpretar el sue\u00f1o de construir un gran pa\u00eds y tenemos todo para hacerlo\u201d.<\/em><\/p>\n\n\n\n<p>El convenio se enmarca en las pol\u00edticas desplegadas por el Gobierno nacional frente a la emergencia sanitaria por la pandemia del COVID- 19 y resulta del trabajo coordinado entre el Ministerio de Educaci\u00f3n nacional, la Direcci\u00f3n General de Cultura y Educaci\u00f3n de la Provincia de Buenos Aires -en tanto responsable de la pol\u00edtica educativa y de los establecimientos en la jurisdicci\u00f3n- y las autoridades municipales.<\/p>\n\n\n\n<p>Durante la ceremonia &#8211; que se desarroll\u00f3 en simult\u00e1neo por ZOOM con 500 estudiantes de escuelas secundarias- estuvieron tambi\u00e9n presentes: el jefe de gabinete de la cartera educativa nacional,&nbsp;<strong>Mat\u00edas Novoa<\/strong>; el secretario de Juventud de La Matanza ,&nbsp;<strong>Franco Torales<\/strong>; la secretaria de Ciencia, Tecnolog\u00eda y Pol\u00edticas Educativas de La Matanza;&nbsp;<strong>Silvia Gvirtz<\/strong>; la secretaria de Cultura y Educaci\u00f3n de La Matanza,&nbsp;<strong>Silvia Francese<\/strong>; la presidenta del Consejo Escolar,&nbsp;<strong>Sabrina Arias<\/strong>&nbsp;y la jefa regional de Educaci\u00f3n,&nbsp;<strong>Mar\u00eda de los \u00c1ngeles Sesana<\/strong>.<\/p>\n\n\n\n<p>Estas entregas de computadoras se inscriben en el marco del Plan Federal \u201cJuana Manso\u201d y del programa \u201cSeguimos educando\u201d, herramientas creadas por el Estado nacional para sostener la continuidad pedag\u00f3gica durante la pandemia por COVID-19 y trascenderla.<\/p>\n\n\n\n<p>Las netbooks est\u00e1n siendo distribuidas en los distritos de: Almirante Brown, Avellaneda, Berazategui, Berisso, Ensenada, Escobar, Esteban Echeverr\u00eda, Ezeiza, Florencio Varela, Hurlingham, Ituzaing\u00f3, Jos\u00e9 C. Paz, La Matanza, La Plata, Lan\u00fas, Lomas de Zamora, La Matanza, Malvinas Argentinas, Marcos Paz, Merlo, Moreno, Mor\u00f3n, Pilar, Presidente Per\u00f3n, Quilmes, San Fernando, San Isidro, San Mart\u00edn, San Miguel, San Vicente, Tigre, Tres de Febrero, Vicente L\u00f3pez y General Rodr\u00edguez; y en las diez provincias del Norte Grande: Catamarca, Chaco, Corrientes, Formosa, Jujuy, La Rioja, Misiones, Salta, Santiago del Estero y Tucum\u00e1n.<\/p>\n","protected":false},"excerpt":{"rendered":"<p>El ministro de Educaci\u00f3n de la Naci\u00f3n, Nicol\u00e1s Trotta, visit\u00f3 La Matanza para concretar una nueva entrega de 8323 netbooks a alumnas y alumnos de primer a\u00f1o del ciclo orientado del nivel secundario de escuelas del distrito. <\/p>\n","protected":false},"author":2,"featured_media":12702,"comment_status":"open","ping_status":"open","sticky":false,"template":"","format":"standard","meta":{"om_disable_all_campaigns":false,"_monsterinsights_skip_tracking":false,"_monsterinsights_sitenote_active":false,"_monsterinsights_sitenote_note":"","_monsterinsights_sitenote_category":0,"_uf_show_specific_survey":0,"_uf_disable_surveys":false,"jetpack_post_was_ever_published":false,"_jetpack_newsletter_access":"","_jetpack_dont_email_post_to_subs":false,"_jetpack_newsletter_tier_id":0,"_jetpack_memberships_contains_paywalled_content":false,"_jetpack_memberships_contains_paid_content":false,"footnotes":"","jetpack_publicize_message":"","jetpack_publicize_feature_enabled":true,"jetpack_social_post_already_shared":false,"jetpack_social_options":{"image_generator_settings":{"template":"highway","default_image_id":0,"font":"","enabled":false},"version":2}},"categories":[19],"tags":[],"class_list":["post-12700","post","type-post","status-publish","format-standard","has-post-thumbnail","hentry","category-educacion"],"aioseo_notices":[],"views":5,"jetpack_publicize_connections":[],"jetpack_featured_media_url":"https:\/\/i0.wp.com\/elterritorialweb.com.ar\/web\/wp-content\/uploads\/2020\/11\/TROTTA-EN-LA-MATANZA.jpeg?fit=1280%2C853&ssl=1","jetpack_sharing_enabled":true,"_links":{"self":[{"href":"https:\/\/elterritorialweb.com.ar\/web\/wp-json\/wp\/v2\/posts\/12700","targetHints":{"allow":["GET"]}}],"collection":[{"href":"https:\/\/elterritorialweb.com.ar\/web\/wp-json\/wp\/v2\/posts"}],"about":[{"href":"https:\/\/elterritorialweb.com.ar\/web\/wp-json\/wp\/v2\/types\/post"}],"author":[{"embeddable":true,"href":"https:\/\/elterritorialweb.com.ar\/web\/wp-json\/wp\/v2\/users\/2"}],"replies":[{"embeddable":true,"href":"https:\/\/elterritorialweb.com.ar\/web\/wp-json\/wp\/v2\/comments?post=12700"}],"version-history":[{"count":1,"href":"https:\/\/elterritorialweb.com.ar\/web\/wp-json\/wp\/v2\/posts\/12700\/revisions"}],"predecessor-version":[{"id":12701,"href":"https:\/\/elterritorialweb.com.ar\/web\/wp-json\/wp\/v2\/posts\/12700\/revisions\/12701"}],"wp:featuredmedia":[{"embeddable":true,"href":"https:\/\/elterritorialweb.com.ar\/web\/wp-json\/wp\/v2\/media\/12702"}],"wp:attachment":[{"href":"https:\/\/elterritorialweb.com.ar\/web\/wp-json\/wp\/v2\/media?parent=12700"}],"wp:term":[{"taxonomy":"category","embeddable":true,"href":"https:\/\/elterritorialweb.com.ar\/web\/wp-json\/wp\/v2\/categories?post=12700"},{"taxonomy":"post_tag","embeddable":true,"href":"https:\/\/elterritorialweb.com.ar\/web\/wp-json\/wp\/v2\/tags?post=12700"}],"curies":[{"name":"wp","href":"https:\/\/api.w.org\/{rel}","templated":true}]}}