{"id":12707,"date":"2020-11-03T13:39:42","date_gmt":"2020-11-03T13:39:42","guid":{"rendered":"http:\/\/elterritorialweb.com.ar\/web\/?p=12707"},"modified":"2020-11-03T13:43:10","modified_gmt":"2020-11-03T13:43:10","slug":"mirolo-firmo-un-convenio-con-una-obra-social-para-lanzar-una-campana-de-arbolado-urbano","status":"publish","type":"post","link":"https:\/\/elterritorialweb.com.ar\/web\/mirolo-firmo-un-convenio-con-una-obra-social-para-lanzar-una-campana-de-arbolado-urbano\/","title":{"rendered":"MIROLO FIRM\u00d3 UN CONVENIO CON UNA OBRA SOCIAL PARA LANZAR UNA CAMPA\u00d1A DE ARBOLADO URBANO"},"content":{"rendered":"\n<p>Al respecto, el intendente Pablo Mirolo se\u00f1al\u00f3: \u201cEs importante que las empresas privadas colaboren con el Estado, para nosotros es un respaldo importante el que nos est\u00e1n dando para poder llegar a m\u00e1s sectores de la ciudad con el plan de reforestaci\u00f3n\u201d.<\/p>\n\n\n\n<p>Agreg\u00f3: \u201cDesde la gesti\u00f3n hemos apostado firmemente a estas iniciativas que buscan implementar pol\u00edticas de cuidado del medio ambiente, reducir el impacto de las altas temperaturas que caracterizan a nuestra provincia y embellecer la ciudad. Para esto se han colocado miles de ejemplares de diferentes especies arb\u00f3reas, se las cuida para que crezcan adecuadamente y se busca generar conciencia en los vecinos del beneficio que esto significara paras las futuras generaciones\u201d.<\/p>\n\n\n\n<p>Por su parte, en representaci\u00f3n de Nobis, Mart\u00edn Jozami, manifest\u00f3: \u201cEste convenio surgi\u00f3 como parte de nuestra pol\u00edticas empresariales que apuntan al cuidado del medio ambiente. Somos una empresa que naci\u00f3 en la provincia de C\u00f3rdoba y desde hace tres a\u00f1os estamos trabajando en la ciudad de La Banda, destacamos el trabajo que hace el municipio en este sentido y queremos apoyarlos a trav\u00e9s de esta iniciativa\u201d.<\/p>\n\n\n\n<p>Finalmente, el director del \u00e1rea de Producci\u00f3n Agropecuaria y Pol\u00edticas Ambientales, Oscar Quiroga, destac\u00f3: \u201cLa Direcci\u00f3n de Parques y Paseos viene realizando un importante trabajo de arbolado revalorizando nuestra identidad. Porque no olvidemos que nuestra provincia pertenece a la eco regi\u00f3n chaque\u00f1a, a trav\u00e9s de este convenio se colocaran \u00e1rboles nativos que ser\u00e1n de gran beneficio para toda la comunidad\u201d.<\/p>\n","protected":false},"excerpt":{"rendered":"<p>La Municipalidad de La Banda firm\u00f3 un convenio con la obras social Nobis S.A. para iniciar una nueva campa\u00f1a de reforestaci\u00f3n en la ciudad con el objetivo mejorar las condiciones del medio ambiente y reforzar la toma de conciencia en la comunidad.<\/p>\n","protected":false},"author":2,"featured_media":12708,"comment_status":"open","ping_status":"open","sticky":false,"template":"","format":"standard","meta":{"om_disable_all_campaigns":false,"_monsterinsights_skip_tracking":false,"_monsterinsights_sitenote_active":false,"_monsterinsights_sitenote_note":"","_monsterinsights_sitenote_category":0,"_uf_show_specific_survey":0,"_uf_disable_surveys":false,"jetpack_post_was_ever_published":false,"_jetpack_newsletter_access":"","_jetpack_dont_email_post_to_subs":false,"_jetpack_newsletter_tier_id":0,"_jetpack_memberships_contains_paywalled_content":false,"_jetpack_memberships_contains_paid_content":false,"footnotes":"","jetpack_publicize_message":"","jetpack_publicize_feature_enabled":true,"jetpack_social_post_already_shared":false,"jetpack_social_options":{"image_generator_settings":{"template":"highway","default_image_id":0,"font":"","enabled":false},"version":2}},"categories":[21],"tags":[],"class_list":["post-12707","post","type-post","status-publish","format-standard","has-post-thumbnail","hentry","category-locales"],"aioseo_notices":[],"views":4,"jetpack_publicize_connections":[],"jetpack_featured_media_url":"https:\/\/i0.wp.com\/elterritorialweb.com.ar\/web\/wp-content\/uploads\/2020\/11\/MIROLO-CONVENIO-OBRA-SOCIAL.jpeg?fit=1030%2C773&ssl=1","jetpack_sharing_enabled":true,"_links":{"self":[{"href":"https:\/\/elterritorialweb.com.ar\/web\/wp-json\/wp\/v2\/posts\/12707","targetHints":{"allow":["GET"]}}],"collection":[{"href":"https:\/\/elterritorialweb.com.ar\/web\/wp-json\/wp\/v2\/posts"}],"about":[{"href":"https:\/\/elterritorialweb.com.ar\/web\/wp-json\/wp\/v2\/types\/post"}],"author":[{"embeddable":true,"href":"https:\/\/elterritorialweb.com.ar\/web\/wp-json\/wp\/v2\/users\/2"}],"replies":[{"embeddable":true,"href":"https:\/\/elterritorialweb.com.ar\/web\/wp-json\/wp\/v2\/comments?post=12707"}],"version-history":[{"count":1,"href":"https:\/\/elterritorialweb.com.ar\/web\/wp-json\/wp\/v2\/posts\/12707\/revisions"}],"predecessor-version":[{"id":12709,"href":"https:\/\/elterritorialweb.com.ar\/web\/wp-json\/wp\/v2\/posts\/12707\/revisions\/12709"}],"wp:featuredmedia":[{"embeddable":true,"href":"https:\/\/elterritorialweb.com.ar\/web\/wp-json\/wp\/v2\/media\/12708"}],"wp:attachment":[{"href":"https:\/\/elterritorialweb.com.ar\/web\/wp-json\/wp\/v2\/media?parent=12707"}],"wp:term":[{"taxonomy":"category","embeddable":true,"href":"https:\/\/elterritorialweb.com.ar\/web\/wp-json\/wp\/v2\/categories?post=12707"},{"taxonomy":"post_tag","embeddable":true,"href":"https:\/\/elterritorialweb.com.ar\/web\/wp-json\/wp\/v2\/tags?post=12707"}],"curies":[{"name":"wp","href":"https:\/\/api.w.org\/{rel}","templated":true}]}}