{"id":12710,"date":"2020-11-03T13:59:42","date_gmt":"2020-11-03T13:59:42","guid":{"rendered":"http:\/\/elterritorialweb.com.ar\/web\/?p=12710"},"modified":"2020-11-03T14:00:28","modified_gmt":"2020-11-03T14:00:28","slug":"liga-profesional-river-plate-debuta-ante-banfield-luego-de-ocho-meses","status":"publish","type":"post","link":"https:\/\/elterritorialweb.com.ar\/web\/liga-profesional-river-plate-debuta-ante-banfield-luego-de-ocho-meses\/","title":{"rendered":"LIGA PROFESIONAL: RIVER PLATE DEBUTA ANTE BANFIELD LUEGO DE OCHO MESES"},"content":{"rendered":"\n<p>El encuentro, v\u00e1lido por la Zona 3, debi\u00f3 realizarse el domingo a la noche pero fue aplazado por la Liga Profesional de F\u00fatbol (LPF) y tendr\u00e1 lugar este martes desde las 21.15 con arbitraje de Germ\u00e1n Delfino y transmisi\u00f3n de Fox Sports Premium.<\/p>\n\n\n\n<p>El club de N\u00fa\u00f1ez&nbsp;<strong>ten\u00eda todo organizado para jugar en el River Camp,<\/strong>&nbsp;su centro de entrenamiento en la localidad bonaerense de Ezeiza, pero la LPF le deneg\u00f3 esa posibilidad el s\u00e1bado, a poco m\u00e1s de 24 horas del inicio del juego.<br>La dirigencia \u00abmillonaria\u00bb argument\u00f3 que ya no hab\u00eda tiempo de conseguir un nuevo lugar y&nbsp;<strong>la organizaci\u00f3n que preside Marcelo Tinelli posterg\u00f3 el partido<\/strong>&nbsp;para el martes y le dio plazo hasta el domingo 1 para que informara un estadio.<\/p>\n\n\n\n<p>El partido de este martes marcar\u00e1 la vuelta de River al f\u00fatbol argentino 241 d\u00edas despu\u00e9s del fat\u00eddico empate con Atl\u00e9tico Tucum\u00e1n (1-1) que lo priv\u00f3 de ser campe\u00f3n en la \u00faltima fecha de la Superliga (SAF).<\/p>\n\n\n\n<p>Al fin de semana siguiente,&nbsp;<strong>el equipo de Marcelo Gallardo no se present\u00f3 para jugar<\/strong>&nbsp;con los tucumanos en la primera jornada de la Copa de la Superliga&nbsp;<strong>debido a la sospecha de un caso de coronavirus en el club<\/strong>&nbsp;y luego el f\u00fatbol local ingres\u00f3 en un largo receso por la pandemia.<\/p>\n\n\n\n<p><strong>Desde entonces, el \u00abMillonario\u00bb jug\u00f3 cinco partidos por la Libertadores con un balance de cuatro victorias y un empate.<\/strong><br>Sin competencia internacional en lo inmediato, dado que se enfrentar\u00e1 con Athletico Paranaense de Brasil por octavos de final el 24 de noviembre y 1 de diciembre, Gallardo dispondr\u00e1 de lo mejor para el estreno en la Copa de la LPF.<\/p>\n\n\n\n<p>El equipo que presentar\u00e1 ante Banfield ser\u00e1 el que jug\u00f3 regularmente en la Libertadores despu\u00e9s del parate por la emergencia sanitaria mundial por el coronavirus,&nbsp;<strong>con el chileno Paulo D\u00edaz ratificado como primer central tras la salida de Lucas Mart\u00ednez Quarta a Fiorentina&nbsp;<\/strong>de Italia.<\/p>\n\n\n\n<p>La intenci\u00f3n del \u00abMu\u00f1eco\u00bb es repetir esa formaci\u00f3n el pr\u00f3ximo s\u00e1bado frente a Rosario Central para imprimirle ritmo de competencia con vista a la serie eliminatorias frente a los brasile\u00f1os.<\/p>\n\n\n\n<figure class=\"wp-block-embed-twitter wp-block-embed is-type-rich is-provider-twitter\"><div class=\"wp-block-embed__wrapper\">\n<div class=\"embed-twitter\"><blockquote class=\"twitter-tweet\" data-width=\"550\" data-dnt=\"true\"><p lang=\"es\" dir=\"ltr\">\u00a1Nueva jornada de entrenamiento! \u26bd\ufe0f<br><br>Falta poco para ver al Taladro \ud83d\ude0d \ud83c\uddf3\ud83c\uddec<br><br>\ud83d\udc9a <a href=\"https:\/\/twitter.com\/hashtag\/VamosBanfield?src=hash&amp;ref_src=twsrc%5Etfw\">#VamosBanfield<\/a> <a href=\"https:\/\/t.co\/A1r502rZgC\">pic.twitter.com\/A1r502rZgC<\/a><\/p>&mdash; Club A. Banfield (@CAB_oficial) <a href=\"https:\/\/twitter.com\/CAB_oficial\/status\/1323269409046171648?ref_src=twsrc%5Etfw\">November 2, 2020<\/a><\/blockquote><script async src=\"https:\/\/platform.twitter.com\/widgets.js\" charset=\"utf-8\"><\/script><\/div>\n<\/div><\/figure>\n\n\n\n<p>Para Banfield este partido tiene una especial trascendencia, pues&nbsp;<strong>ser\u00e1 el debut como entrenador de Javier \u00abArchu\u00bb Sanguinetti (49 a\u00f1os), excapit\u00e1n y defensor hist\u00f3rico del club<\/strong>, poseedor del r\u00e9cord de presencias como jugador con 425 partidos.<\/p>\n\n\n\n<p>El exayudante del \u00abEmperador\u00bb Julio C\u00e9sar Falcioni no contar\u00e1 con los delanteros Luciano Pons y Agust\u00edn Urzi, que se recuperan de distintas lesiones.<\/p>\n\n\n\n<p>Probables formaciones<\/p>\n\n\n\n<p><strong>River Plate:<\/strong>&nbsp;Franco Armani, Gonzalo Montiel, Paulo D\u00edaz, Javier Pinola y Milton Casco; Ignacio Fern\u00e1ndez, Enzo P\u00e9rez y Nicol\u00e1s De la Cruz; Juli\u00e1n \u00c1lvarez, Rafael Santos Borr\u00e9 y Mat\u00edas Su\u00e1rez. DT: Marcelo Gallardo.<\/p>\n\n\n\n<p><strong>Banfield:<\/strong>&nbsp;Mauricio Arboleda; Emanuel Coronel, Alexis Maldonado, Luciano Lollo y Claudio Bravo; Jorge Rodr\u00edguez y Giuliano Galloppo; Mauricio Cuero, Mart\u00edn Payero y Fabi\u00e1n Bordagaray; Agust\u00edn Fontana. DT: Javier Sanguinetti.<\/p>\n\n\n\n<p><strong>\u00c1rbitro:<\/strong>&nbsp;Germ\u00e1n Delfino.<\/p>\n\n\n\n<p><strong>Estadio:<\/strong>&nbsp;Independiente (local River Plate).<\/p>\n\n\n\n<p><strong>Hora de inicio:<\/strong>&nbsp;21.15.<\/p>\n\n\n\n<p><strong>TV:<\/strong>&nbsp;Fox Sports Premium.<\/p>\n","protected":false},"excerpt":{"rendered":"<p>River Plate debutar\u00e1 este martes en la Copa Liga Profesional 2020, a ocho meses de su \u00faltimo partido en el f\u00fatbol argentino, cuando reciba a Banfield en la cancha de Independiente, superada la disputa pol\u00edtica con la organizaci\u00f3n del torneo en torno al lugar para ejercer su local\u00eda.<\/p>\n","protected":false},"author":2,"featured_media":591,"comment_status":"open","ping_status":"open","sticky":false,"template":"","format":"standard","meta":{"om_disable_all_campaigns":false,"_monsterinsights_skip_tracking":false,"_monsterinsights_sitenote_active":false,"_monsterinsights_sitenote_note":"","_monsterinsights_sitenote_category":0,"_uf_show_specific_survey":0,"_uf_disable_surveys":false,"jetpack_post_was_ever_published":false,"_jetpack_newsletter_access":"","_jetpack_dont_email_post_to_subs":false,"_jetpack_newsletter_tier_id":0,"_jetpack_memberships_contains_paywalled_content":false,"_jetpack_memberships_contains_paid_content":false,"footnotes":"","jetpack_publicize_message":"","jetpack_publicize_feature_enabled":true,"jetpack_social_post_already_shared":false,"jetpack_social_options":{"image_generator_settings":{"template":"highway","default_image_id":0,"font":"","enabled":false},"version":2}},"categories":[6],"tags":[],"class_list":["post-12710","post","type-post","status-publish","format-standard","has-post-thumbnail","hentry","category-deportes"],"aioseo_notices":[],"views":5,"jetpack_publicize_connections":[],"jetpack_featured_media_url":"https:\/\/i0.wp.com\/elterritorialweb.com.ar\/web\/wp-content\/uploads\/2020\/02\/RIVER.png?fit=750%2C422&ssl=1","jetpack_sharing_enabled":true,"_links":{"self":[{"href":"https:\/\/elterritorialweb.com.ar\/web\/wp-json\/wp\/v2\/posts\/12710","targetHints":{"allow":["GET"]}}],"collection":[{"href":"https:\/\/elterritorialweb.com.ar\/web\/wp-json\/wp\/v2\/posts"}],"about":[{"href":"https:\/\/elterritorialweb.com.ar\/web\/wp-json\/wp\/v2\/types\/post"}],"author":[{"embeddable":true,"href":"https:\/\/elterritorialweb.com.ar\/web\/wp-json\/wp\/v2\/users\/2"}],"replies":[{"embeddable":true,"href":"https:\/\/elterritorialweb.com.ar\/web\/wp-json\/wp\/v2\/comments?post=12710"}],"version-history":[{"count":1,"href":"https:\/\/elterritorialweb.com.ar\/web\/wp-json\/wp\/v2\/posts\/12710\/revisions"}],"predecessor-version":[{"id":12711,"href":"https:\/\/elterritorialweb.com.ar\/web\/wp-json\/wp\/v2\/posts\/12710\/revisions\/12711"}],"wp:featuredmedia":[{"embeddable":true,"href":"https:\/\/elterritorialweb.com.ar\/web\/wp-json\/wp\/v2\/media\/591"}],"wp:attachment":[{"href":"https:\/\/elterritorialweb.com.ar\/web\/wp-json\/wp\/v2\/media?parent=12710"}],"wp:term":[{"taxonomy":"category","embeddable":true,"href":"https:\/\/elterritorialweb.com.ar\/web\/wp-json\/wp\/v2\/categories?post=12710"},{"taxonomy":"post_tag","embeddable":true,"href":"https:\/\/elterritorialweb.com.ar\/web\/wp-json\/wp\/v2\/tags?post=12710"}],"curies":[{"name":"wp","href":"https:\/\/api.w.org\/{rel}","templated":true}]}}