{"id":12712,"date":"2020-11-03T18:11:40","date_gmt":"2020-11-03T18:11:40","guid":{"rendered":"http:\/\/elterritorialweb.com.ar\/web\/?p=12712"},"modified":"2020-11-03T18:28:30","modified_gmt":"2020-11-03T18:28:30","slug":"fernandez-sobre-la-vacuna-rusa-lo-unico-que-nos-importa-es-ponerle-fin-a-la-pesadilla-de-la-pandemia","status":"publish","type":"post","link":"https:\/\/elterritorialweb.com.ar\/web\/fernandez-sobre-la-vacuna-rusa-lo-unico-que-nos-importa-es-ponerle-fin-a-la-pesadilla-de-la-pandemia\/","title":{"rendered":"FERN\u00c1NDEZ SOBRE LA VACUNA RUSA: \u00abLO \u00daNICO QUE NOS IMPORTA ES PONERLE F\u00cdN A LA PESADILLA DE LA PANDEMIA\u00bb"},"content":{"rendered":"\n<p>En esa direcci\u00f3n, se\u00f1al\u00f3 que \u201cla verdad es que no me importa qui\u00e9n es el que la produce. Y a veces escucho hablar con tanta liviandad porque tambi\u00e9n cuando hablan de Rusia pareciera que est\u00e1n hablando no s\u00e9 de qu\u00e9. Est\u00e1n hablando de una potencia mundial que tiene 28 premios Nobeles. Un pa\u00eds que ha desarrollado la ciencia y la tecnolog\u00eda como una de las grandes potencias que es\u201d.<\/p>\n\n\n\n<p>El Jefe de Estado hizo estas manifestaciones al encabezar, en el partido de Avellaneda, el acto de inauguraci\u00f3n de las obras de ampliaci\u00f3n del edificio donde funciona el Departamento Judicial Avellaneda\/Lan\u00fas, que permitir\u00e1 facilitar el acceso a la justicia de los vecinos de la zona, acompa\u00f1ado por el gobernador bonaerense Axel Kicillof y otras autoridades.<\/p>\n\n\n\n<p>Agreg\u00f3 que \u201cpor si alguno todav\u00eda no se enter\u00f3 que se termin\u00f3 el mundo bipolar, que se termin\u00f3 la Guerra Fr\u00eda, nos meten en una discusi\u00f3n que a ninguno de nosotros nos importa. Porque lo \u00fanico que nos importa es ponerle fin a la pesadilla de la pandemia\u201d.<\/p>\n\n\n\n<p>Adem\u00e1s, Fern\u00e1ndez anunci\u00f3 que se reunir\u00e1 con las m\u00e1ximas autoridades del Ministerio de Salud de la Naci\u00f3n para \u201cdiagramar el proceso de vacunaci\u00f3n. Ya s\u00f3lo pensar que estamos viendo en c\u00f3mo vamos a vacunar a los argentinos en cualquier rinc\u00f3n del pa\u00eds, es algo que nos alienta\u201d.<\/p>\n\n\n\n<figure class=\"wp-block-image size-large\"><img data-recalc-dims=\"1\" decoding=\"async\" width=\"640\" height=\"427\" data-src=\"https:\/\/i0.wp.com\/elterritorialweb.com.ar\/web\/wp-content\/uploads\/2020\/11\/fernandez-3-de-noviembre.jpg?resize=640%2C427\" alt=\"\" class=\"wp-image-12715 lazyload\" data-srcset=\"https:\/\/i0.wp.com\/elterritorialweb.com.ar\/web\/wp-content\/uploads\/2020\/11\/fernandez-3-de-noviembre-scaled.jpg?resize=1024%2C683&amp;ssl=1 1024w, https:\/\/i0.wp.com\/elterritorialweb.com.ar\/web\/wp-content\/uploads\/2020\/11\/fernandez-3-de-noviembre-scaled.jpg?resize=300%2C200&amp;ssl=1 300w, https:\/\/i0.wp.com\/elterritorialweb.com.ar\/web\/wp-content\/uploads\/2020\/11\/fernandez-3-de-noviembre-scaled.jpg?resize=768%2C512&amp;ssl=1 768w, https:\/\/i0.wp.com\/elterritorialweb.com.ar\/web\/wp-content\/uploads\/2020\/11\/fernandez-3-de-noviembre-scaled.jpg?resize=1536%2C1024&amp;ssl=1 1536w, https:\/\/i0.wp.com\/elterritorialweb.com.ar\/web\/wp-content\/uploads\/2020\/11\/fernandez-3-de-noviembre-scaled.jpg?resize=2048%2C1365&amp;ssl=1 2048w, https:\/\/i0.wp.com\/elterritorialweb.com.ar\/web\/wp-content\/uploads\/2020\/11\/fernandez-3-de-noviembre-scaled.jpg?resize=675%2C450&amp;ssl=1 675w, https:\/\/i0.wp.com\/elterritorialweb.com.ar\/web\/wp-content\/uploads\/2020\/11\/fernandez-3-de-noviembre-scaled.jpg?w=1280 1280w, https:\/\/i0.wp.com\/elterritorialweb.com.ar\/web\/wp-content\/uploads\/2020\/11\/fernandez-3-de-noviembre-scaled.jpg?w=1920 1920w\" data-sizes=\"(max-width: 640px) 100vw, 640px\" src=\"data:image\/svg+xml;base64,PHN2ZyB3aWR0aD0iMSIgaGVpZ2h0PSIxIiB4bWxucz0iaHR0cDovL3d3dy53My5vcmcvMjAwMC9zdmciPjwvc3ZnPg==\" style=\"--smush-placeholder-width: 640px; --smush-placeholder-aspect-ratio: 640\/427;\" \/><\/figure>\n\n\n\n<p>\u201cPorque la pandemia ten\u00eda eso de horrible. Eso que les dije el primer d\u00eda: estamos peleando contra un enemigo invisible que no vemos, que est\u00e1 acech\u00e1ndonos en alg\u00fan lugar donde no lo encontramos pero que indefectiblemente nos ataca, nos enferma y se lleva la vida de unos cuantos de nosotros\u201d, agreg\u00f3.<\/p>\n\n\n\n<p>En ese sentido, puntualiz\u00f3 que \u201cas\u00ed pudimos encarar esta discusi\u00f3n que, en verdad, nosotros no le preguntamos a nadie qu\u00e9 ideolog\u00eda tiene la vacuna, lo que preguntamos es si salva vidas de argentinos. Y si salva vida de argentinos, vamos y la compramos y la inyectamos en los argentinos para que salve vidas\u201d.<\/p>\n\n\n\n<p>El Jefe de Estado admiti\u00f3 que \u201cest\u00e1bamos muy preocupados por ver donde estaba el horizonte. El horizonte empieza a verse y por eso tenemos que ser optimistas y por eso tenemos que estar m\u00e1s tranquilos que nunca. Nunca estuvimos tan cerca de ponerle fin a la enfermedad\u201d.<\/p>\n\n\n\n<p>Sin embargo, insisti\u00f3 en que \u201cmientras tanto no olvidar que hay que seguir con todos los cuidados que hasta hoy hemos tenido y que yo le agradezco a la inmensa mayor\u00eda de los argentinos que respet\u00f3 el quedarse en cada cuando hubo que quedarse, que respet\u00f3 el distanciamiento, que respet\u00f3 lavarse las manos una y otra vez, que respet\u00f3 el frotarse con alcohol las manos porque no saben c\u00f3mo ayudaron a prevenir que la cosa no fuera peor\u201d.<\/p>\n\n\n\n<p>Dijo finalmente que \u201cahora que hemos superado esa instancia y empezamos a ver un horizonte, ahora s\u00ed tenemos mucha libertad para hacer todo lo que quer\u00edamos hacer ese 10 de diciembre cuando llegamos al gobierno. Vamos a dar vuelta la Argentina de una vez y para siempre\u201d.<\/p>\n","protected":false},"excerpt":{"rendered":"<p>\u201cLo \u00fanico que nos importa es ponerle fin a la pesadilla de la pandemia\u201d subray\u00f3 hoy el presidente Alberto Fern\u00e1ndez al confirmar que la Argentina recibir\u00eda entre diciembre y enero las vacunas \u201cSputnik V\u201d desarrolladas por Rusia contra el Covid-19.<\/p>\n","protected":false},"author":2,"featured_media":12713,"comment_status":"open","ping_status":"open","sticky":false,"template":"","format":"standard","meta":{"om_disable_all_campaigns":false,"_monsterinsights_skip_tracking":false,"_monsterinsights_sitenote_active":false,"_monsterinsights_sitenote_note":"","_monsterinsights_sitenote_category":0,"_uf_show_specific_survey":0,"_uf_disable_surveys":false,"jetpack_post_was_ever_published":false,"_jetpack_newsletter_access":"","_jetpack_dont_email_post_to_subs":false,"_jetpack_newsletter_tier_id":0,"_jetpack_memberships_contains_paywalled_content":false,"_jetpack_memberships_contains_paid_content":false,"footnotes":"","jetpack_publicize_message":"","jetpack_publicize_feature_enabled":true,"jetpack_social_post_already_shared":false,"jetpack_social_options":{"image_generator_settings":{"template":"highway","default_image_id":0,"font":"","enabled":false},"version":2}},"categories":[18],"tags":[],"class_list":["post-12712","post","type-post","status-publish","format-standard","has-post-thumbnail","hentry","category-politica"],"aioseo_notices":[],"views":8,"jetpack_publicize_connections":[],"jetpack_featured_media_url":"https:\/\/i0.wp.com\/elterritorialweb.com.ar\/web\/wp-content\/uploads\/2020\/11\/fernandez-3-de-noviembre-1.jpg?fit=1940%2C1293&ssl=1","jetpack_sharing_enabled":true,"_links":{"self":[{"href":"https:\/\/elterritorialweb.com.ar\/web\/wp-json\/wp\/v2\/posts\/12712","targetHints":{"allow":["GET"]}}],"collection":[{"href":"https:\/\/elterritorialweb.com.ar\/web\/wp-json\/wp\/v2\/posts"}],"about":[{"href":"https:\/\/elterritorialweb.com.ar\/web\/wp-json\/wp\/v2\/types\/post"}],"author":[{"embeddable":true,"href":"https:\/\/elterritorialweb.com.ar\/web\/wp-json\/wp\/v2\/users\/2"}],"replies":[{"embeddable":true,"href":"https:\/\/elterritorialweb.com.ar\/web\/wp-json\/wp\/v2\/comments?post=12712"}],"version-history":[{"count":2,"href":"https:\/\/elterritorialweb.com.ar\/web\/wp-json\/wp\/v2\/posts\/12712\/revisions"}],"predecessor-version":[{"id":12717,"href":"https:\/\/elterritorialweb.com.ar\/web\/wp-json\/wp\/v2\/posts\/12712\/revisions\/12717"}],"wp:featuredmedia":[{"embeddable":true,"href":"https:\/\/elterritorialweb.com.ar\/web\/wp-json\/wp\/v2\/media\/12713"}],"wp:attachment":[{"href":"https:\/\/elterritorialweb.com.ar\/web\/wp-json\/wp\/v2\/media?parent=12712"}],"wp:term":[{"taxonomy":"category","embeddable":true,"href":"https:\/\/elterritorialweb.com.ar\/web\/wp-json\/wp\/v2\/categories?post=12712"},{"taxonomy":"post_tag","embeddable":true,"href":"https:\/\/elterritorialweb.com.ar\/web\/wp-json\/wp\/v2\/tags?post=12712"}],"curies":[{"name":"wp","href":"https:\/\/api.w.org\/{rel}","templated":true}]}}