{"id":12952,"date":"2020-11-08T19:07:12","date_gmt":"2020-11-08T19:07:12","guid":{"rendered":"http:\/\/elterritorialweb.com.ar\/web\/?p=12952"},"modified":"2020-11-08T19:07:13","modified_gmt":"2020-11-08T19:07:13","slug":"alberto-fernandez-manifesto-su-amor-carino-y-compromiso-con-el-pueblo-de-bolivia","status":"publish","type":"post","link":"https:\/\/elterritorialweb.com.ar\/web\/alberto-fernandez-manifesto-su-amor-carino-y-compromiso-con-el-pueblo-de-bolivia\/","title":{"rendered":"ALBERTO FERNANDEZ MANIFESTO SU \u00abAMOR, CARI\u00d1O Y COMPROMISO CON EL PUEBLO DE BOLIVIA\u00bb"},"content":{"rendered":"\n<p>El mandatario argentino particip\u00f3 este mediod\u00eda en la ciudad de La Paz de la ceremonia de posesi\u00f3n de mando del presidente Luis Arce y del vicepresidente David Choquehuanca en el Hemiciclo de la Asamblea Legislativa Plurinacional de Bolivia.<\/p>\n\n\n\n<p>Al entrar al recinto para presenciar el acto de asunci\u00f3n los legisladores y dirigentes sociales presentes lo recibieron con un aplauso. \u201cGracias Alberto, el pueblo te saluda\u201d, le manifestaron a viva voz.<\/p>\n\n\n\n<p>\u201cHoy es un d\u00eda muy importante, Bolivia recupera la democracia\u201d, afirm\u00f3 el Presidente y dijo: \u201cSe termina la pesadilla que dur\u00f3 un a\u00f1o exacto. Estoy muy contento de estar ac\u00e1 y de que el pueblo boliviano se haya expresado y que tengamos autoridades leg\u00edtimamente constituidas\u201d.<\/p>\n\n\n\n<p>\u201cTodo mi amor, todo mi cari\u00f1o y todo mi compromiso con el pueblo de Bolivia\u201d, enfatiz\u00f3 al realizar declaraciones.<\/p>\n\n\n\n<p>Al ser consultado por el regreso de Evo Morales al pa\u00eds luego de un a\u00f1o de exilio en la Argentina, Alberto Fern\u00e1ndez detall\u00f3 que lo encontrar\u00e1 esta tarde en la ciudad argentina de La Quiaca, desde donde retornar\u00e1 ma\u00f1ana el ex presidente de Bolivia a su patria. \u201cLo veo hoy en La Quiaca y ma\u00f1ana lo acompa\u00f1ar\u00e9 hasta Bolivia\u201d, detall\u00f3.<\/p>\n\n\n\n<p>Del acto de asunci\u00f3n participaron tambi\u00e9n el Rey de Espa\u00f1a Felipe VI, el vicepresidente de ese pa\u00eds, Pablo Iglesias; los presidentes de Colombia, Iv\u00e1n Duque, y de Paraguay, Mario Abdo Ben\u00edtez, y delegaciones oficiales de todo el mundo.<\/p>\n\n\n\n<p>Alberto Fern\u00e1ndez asisti\u00f3 a la ceremonia acompa\u00f1ado por el canciller, Felipe Sol\u00e1; el ministro del Interior, Eduardo de Pedro; la ministra de Mujeres, G\u00e9neros y Diversidad, Elizabeth G\u00f3mez Alcorta; los secretarios de Asuntos Estrat\u00e9gicos, Gustavo Beliz; general de la Presidencia, Julio Vitobello, y de Comunicaci\u00f3n y Prensa, Juan Pablo Biondi; el senador Jorge Taiana y el diputado Eduardo Vald\u00e9s.<\/p>\n\n\n\n<p>Desde all\u00ed se dirigi\u00f3 a la Casa Grande del Pueblo, sede del poder ejecutivo nacional del pa\u00eds vecino, donde realiz\u00f3 el saludo protocolar a los reci\u00e9n asumidos presidente y vicepresidente de Bolivia.<\/p>\n\n\n\n<p>En ese lugar, Fern\u00e1ndez participa de la foto y el almuerzo oficial, y posteriormente mantendr\u00e1 una audiencia bilateral con Luis Arce.<\/p>\n","protected":false},"excerpt":{"rendered":"<p>El presidente Alberto Fern\u00e1ndez manifest\u00f3 su \u201camor, cari\u00f1o y compromiso con el pueblo de Bolivia\u201d y asegur\u00f3 estar \u201cmuy contento\u201d de que esa naci\u00f3n \u201cse haya expresado y que tengamos autoridades leg\u00edtimamente constituidas\u201d.<\/p>\n","protected":false},"author":2,"featured_media":12953,"comment_status":"open","ping_status":"open","sticky":false,"template":"","format":"standard","meta":{"om_disable_all_campaigns":false,"_monsterinsights_skip_tracking":false,"_monsterinsights_sitenote_active":false,"_monsterinsights_sitenote_note":"","_monsterinsights_sitenote_category":0,"_uf_show_specific_survey":0,"_uf_disable_surveys":false,"jetpack_post_was_ever_published":false,"_jetpack_newsletter_access":"","_jetpack_dont_email_post_to_subs":false,"_jetpack_newsletter_tier_id":0,"_jetpack_memberships_contains_paywalled_content":false,"_jetpack_memberships_contains_paid_content":false,"footnotes":"","jetpack_publicize_message":"","jetpack_publicize_feature_enabled":true,"jetpack_social_post_already_shared":false,"jetpack_social_options":{"image_generator_settings":{"template":"highway","default_image_id":0,"font":"","enabled":false},"version":2}},"categories":[10],"tags":[],"class_list":["post-12952","post","type-post","status-publish","format-standard","has-post-thumbnail","hentry","category-internacionales"],"aioseo_notices":[],"views":6,"jetpack_publicize_connections":[],"jetpack_featured_media_url":"https:\/\/i0.wp.com\/elterritorialweb.com.ar\/web\/wp-content\/uploads\/2020\/11\/FERNANDEZ-EN-BOLIVIA.jpg?fit=1940%2C1293&ssl=1","jetpack_sharing_enabled":true,"_links":{"self":[{"href":"https:\/\/elterritorialweb.com.ar\/web\/wp-json\/wp\/v2\/posts\/12952","targetHints":{"allow":["GET"]}}],"collection":[{"href":"https:\/\/elterritorialweb.com.ar\/web\/wp-json\/wp\/v2\/posts"}],"about":[{"href":"https:\/\/elterritorialweb.com.ar\/web\/wp-json\/wp\/v2\/types\/post"}],"author":[{"embeddable":true,"href":"https:\/\/elterritorialweb.com.ar\/web\/wp-json\/wp\/v2\/users\/2"}],"replies":[{"embeddable":true,"href":"https:\/\/elterritorialweb.com.ar\/web\/wp-json\/wp\/v2\/comments?post=12952"}],"version-history":[{"count":1,"href":"https:\/\/elterritorialweb.com.ar\/web\/wp-json\/wp\/v2\/posts\/12952\/revisions"}],"predecessor-version":[{"id":12954,"href":"https:\/\/elterritorialweb.com.ar\/web\/wp-json\/wp\/v2\/posts\/12952\/revisions\/12954"}],"wp:featuredmedia":[{"embeddable":true,"href":"https:\/\/elterritorialweb.com.ar\/web\/wp-json\/wp\/v2\/media\/12953"}],"wp:attachment":[{"href":"https:\/\/elterritorialweb.com.ar\/web\/wp-json\/wp\/v2\/media?parent=12952"}],"wp:term":[{"taxonomy":"category","embeddable":true,"href":"https:\/\/elterritorialweb.com.ar\/web\/wp-json\/wp\/v2\/categories?post=12952"},{"taxonomy":"post_tag","embeddable":true,"href":"https:\/\/elterritorialweb.com.ar\/web\/wp-json\/wp\/v2\/tags?post=12952"}],"curies":[{"name":"wp","href":"https:\/\/api.w.org\/{rel}","templated":true}]}}