{"id":12955,"date":"2020-11-08T19:12:52","date_gmt":"2020-11-08T19:12:52","guid":{"rendered":"http:\/\/elterritorialweb.com.ar\/web\/?p=12955"},"modified":"2020-11-08T19:12:54","modified_gmt":"2020-11-08T19:12:54","slug":"el-presidente-mantuvo-una-audiencia-con-el-rey-de-espana-felipe-vi","status":"publish","type":"post","link":"https:\/\/elterritorialweb.com.ar\/web\/el-presidente-mantuvo-una-audiencia-con-el-rey-de-espana-felipe-vi\/","title":{"rendered":"EL PRESIDENTE MANTUVO UNA AUDIENCIA CON EL REY DE ESPA\u00d1A, FELIPE VI"},"content":{"rendered":"\n<p>Por Espa\u00f1a participaron tambi\u00e9n el vicepresidente de Derechos Sociales y Agenda 2030 en el Gobierno, Pablo Iglesias; y la ministra de Asuntos Exteriores, Uni\u00f3n Europea y Cooperaci\u00f3n, Arancha Gonz\u00e1lez, entre otros funcionarios.<\/p>\n\n\n\n<p>Acompa\u00f1aron al Presidente durante el encuentro el canciller Felipe Sol\u00e1; el ministro del Interior, Eduardo de Pedro; la ministra de Mujeres, G\u00e9neros y Diversidad, Elizabeth G\u00f3mez Alcorta; los secretarios de Asuntos Estrat\u00e9gicos, Gustavo Beliz; general de la Presidencia, Julio Vitobello, y de Comunicaci\u00f3n y Prensa, Juan Pablo Biondi; el senador Jorge Taiana y el diputado Eduardo Vald\u00e9s.<\/p>\n","protected":false},"excerpt":{"rendered":"<p>El presidente Alberto Fern\u00e1ndez mantuvo esta noche una audiencia con el Rey de Espa\u00f1a, Felipe VI, en la ciudad de La Paz donde se encuentran para participar de la ceremonia de asunci\u00f3n del presidente electo de Bolivia, Luis Arce.<\/p>\n","protected":false},"author":2,"featured_media":12956,"comment_status":"open","ping_status":"open","sticky":false,"template":"","format":"standard","meta":{"om_disable_all_campaigns":false,"_monsterinsights_skip_tracking":false,"_monsterinsights_sitenote_active":false,"_monsterinsights_sitenote_note":"","_monsterinsights_sitenote_category":0,"_uf_show_specific_survey":0,"_uf_disable_surveys":false,"jetpack_post_was_ever_published":false,"_jetpack_newsletter_access":"","_jetpack_dont_email_post_to_subs":false,"_jetpack_newsletter_tier_id":0,"_jetpack_memberships_contains_paywalled_content":false,"_jetpack_memberships_contains_paid_content":false,"footnotes":"","jetpack_publicize_message":"","jetpack_publicize_feature_enabled":true,"jetpack_social_post_already_shared":false,"jetpack_social_options":{"image_generator_settings":{"template":"highway","default_image_id":0,"font":"","enabled":false},"version":2}},"categories":[18],"tags":[],"class_list":["post-12955","post","type-post","status-publish","format-standard","has-post-thumbnail","hentry","category-politica"],"aioseo_notices":[],"views":17,"jetpack_publicize_connections":[],"jetpack_featured_media_url":"https:\/\/i0.wp.com\/elterritorialweb.com.ar\/web\/wp-content\/uploads\/2020\/11\/FERNANDEZ-CON-EL-REY-DE-ESPANA.jpg?fit=1940%2C1082&ssl=1","jetpack_sharing_enabled":true,"_links":{"self":[{"href":"https:\/\/elterritorialweb.com.ar\/web\/wp-json\/wp\/v2\/posts\/12955","targetHints":{"allow":["GET"]}}],"collection":[{"href":"https:\/\/elterritorialweb.com.ar\/web\/wp-json\/wp\/v2\/posts"}],"about":[{"href":"https:\/\/elterritorialweb.com.ar\/web\/wp-json\/wp\/v2\/types\/post"}],"author":[{"embeddable":true,"href":"https:\/\/elterritorialweb.com.ar\/web\/wp-json\/wp\/v2\/users\/2"}],"replies":[{"embeddable":true,"href":"https:\/\/elterritorialweb.com.ar\/web\/wp-json\/wp\/v2\/comments?post=12955"}],"version-history":[{"count":1,"href":"https:\/\/elterritorialweb.com.ar\/web\/wp-json\/wp\/v2\/posts\/12955\/revisions"}],"predecessor-version":[{"id":12957,"href":"https:\/\/elterritorialweb.com.ar\/web\/wp-json\/wp\/v2\/posts\/12955\/revisions\/12957"}],"wp:featuredmedia":[{"embeddable":true,"href":"https:\/\/elterritorialweb.com.ar\/web\/wp-json\/wp\/v2\/media\/12956"}],"wp:attachment":[{"href":"https:\/\/elterritorialweb.com.ar\/web\/wp-json\/wp\/v2\/media?parent=12955"}],"wp:term":[{"taxonomy":"category","embeddable":true,"href":"https:\/\/elterritorialweb.com.ar\/web\/wp-json\/wp\/v2\/categories?post=12955"},{"taxonomy":"post_tag","embeddable":true,"href":"https:\/\/elterritorialweb.com.ar\/web\/wp-json\/wp\/v2\/tags?post=12955"}],"curies":[{"name":"wp","href":"https:\/\/api.w.org\/{rel}","templated":true}]}}