{"id":12958,"date":"2020-11-08T19:43:03","date_gmt":"2020-11-08T19:43:03","guid":{"rendered":"http:\/\/elterritorialweb.com.ar\/web\/?p=12958"},"modified":"2020-11-08T19:57:44","modified_gmt":"2020-11-08T19:57:44","slug":"santos-borre-dio-positivo-de-coronavirus","status":"publish","type":"post","link":"https:\/\/elterritorialweb.com.ar\/web\/santos-borre-dio-positivo-de-coronavirus\/","title":{"rendered":"SANTOS BORRE DI\u00d3 POSITIVO DE CORONAVIRUS"},"content":{"rendered":"\n<p><strong>Rafael Santos Borr\u00e9\u00a0<\/strong>no estuvo en\u00a0la victoria de River frente a Rosario Central por la Copa de la Liga Profesional\u00a0debido a que estaba aislado despu\u00e9s de que se conociera que un contacto estrecho ten\u00eda coronavirus y, finalmente, desde el Millonario tambi\u00e9n confirmaron que\u00a0<strong>el delantero colombiano tiene Covid-19.<\/strong><\/p>\n\n\n\n<p><strong>\u00abEl jugador Rafael Borr\u00e9 fue testeado en el d\u00eda de hoy y dio positivo de COVID-19. Se encuentra asintom\u00e1tico y permanecer\u00e1 aislado hasta su recuperaci\u00f3n\u00bb<\/strong>, public\u00f3 River en sus cuenta de twitter.<\/p>\n\n\n\n<figure class=\"wp-block-embed-twitter wp-block-embed is-type-rich is-provider-twitter\"><div class=\"wp-block-embed__wrapper\">\n<blockquote class=\"twitter-tweet\" data-width=\"550\" data-dnt=\"true\"><p lang=\"es\" dir=\"ltr\">\u2139 [Parte m\u00e9dico] El jugador Rafael Borr\u00e9 fue testeado en el d\u00eda de hoy y dio positivo de COVID-19.<br>Se encuentra asintom\u00e1tico y permanecer\u00e1 aislado hasta su recuperaci\u00f3n.<\/p>&mdash; River Plate (@RiverPlate) <a href=\"https:\/\/twitter.com\/RiverPlate\/status\/1325486419092103168?ref_src=twsrc%5Etfw\">November 8, 2020<\/a><\/blockquote><script async src=\"https:\/\/platform.twitter.com\/widgets.js\" charset=\"utf-8\"><\/script>\n<\/div><\/figure>\n\n\n\n<h2 class=\"wp-block-heading\">Colombia esperaba por la situaci\u00f3n de Borr\u00e9<\/h2>\n\n\n\n<p>La segunda ventana de las Eliminatorias Sudamericanas para el Mundial de Qatar 2022 est\u00e1 a la vuelta de la esquina y es por eso que la selecci\u00f3n de Colombia hab\u00eda pedido adelantar el hisopado de Rafael Santos Borr\u00e9, quien estaba&nbsp; aislado en River por un posible caso de coronavirus.<\/p>\n\n\n\n<p>Tal como sucedi\u00f3 hace una semana con Marcelo Gallardo, el cuerpo m\u00e9dico del Millonario hab\u00eda decidido aislar al colombiano, quien&nbsp;<strong>tuvo un contacto estrecho con un positivo de Covid-19. Los estudios deb\u00edan hacerse en uno d\u00edas, pero desde Colombia solicitaron adelantarlos para ver si pod\u00edan contar o no con Borr\u00e9.<\/strong><\/p>\n\n\n\n<p><strong>La idea de Carlos Queiroz era que el delantero de River, ausente en las primeras dos fechas, reemplace al lesionado Radamel Falcao<\/strong>, quien padece una tensi\u00f3n moderada en el grupo de m\u00fasculo anterior superior derecho y es baja en la n\u00f3mina.<\/p>\n\n\n\n<p>Adem\u00e1s de James Rodr\u00edguez, Duv\u00e1n Zapata y Luis Muriel, las alternativas que el entrenador portugu\u00e9s tiene en el ataque para enfrentar a&nbsp;<strong>Uruguay (13\/11)<\/strong>&nbsp;y&nbsp;<strong>Ecuador (17\/11)<\/strong>&nbsp;son Jhon C\u00f3rdoba y Alfredo Morelos.<\/p>\n\n\n\n<p><br><\/p>\n","protected":false},"excerpt":{"rendered":"<p>Rafael Santos Borr\u00e9\u00a0no estuvo en\u00a0la victoria de River frente a Rosario Central por la Copa&#8230;<\/p>\n","protected":false},"author":2,"featured_media":10972,"comment_status":"open","ping_status":"open","sticky":false,"template":"","format":"standard","meta":{"om_disable_all_campaigns":false,"_monsterinsights_skip_tracking":false,"_monsterinsights_sitenote_active":false,"_monsterinsights_sitenote_note":"","_monsterinsights_sitenote_category":0,"_uf_show_specific_survey":0,"_uf_disable_surveys":false,"jetpack_post_was_ever_published":false,"_jetpack_newsletter_access":"","_jetpack_dont_email_post_to_subs":false,"_jetpack_newsletter_tier_id":0,"_jetpack_memberships_contains_paywalled_content":false,"_jetpack_memberships_contains_paid_content":false,"footnotes":"","jetpack_publicize_message":"","jetpack_publicize_feature_enabled":true,"jetpack_social_post_already_shared":false,"jetpack_social_options":{"image_generator_settings":{"template":"highway","default_image_id":0,"font":"","enabled":false},"version":2}},"categories":[6],"tags":[],"class_list":["post-12958","post","type-post","status-publish","format-standard","has-post-thumbnail","hentry","category-deportes"],"aioseo_notices":[],"views":8,"jetpack_publicize_connections":[],"jetpack_featured_media_url":"https:\/\/i0.wp.com\/elterritorialweb.com.ar\/web\/wp-content\/uploads\/2020\/09\/RIVER-EMPATO-EN-BRASIL-3.jpg?fit=862%2C485&ssl=1","jetpack_sharing_enabled":true,"_links":{"self":[{"href":"https:\/\/elterritorialweb.com.ar\/web\/wp-json\/wp\/v2\/posts\/12958","targetHints":{"allow":["GET"]}}],"collection":[{"href":"https:\/\/elterritorialweb.com.ar\/web\/wp-json\/wp\/v2\/posts"}],"about":[{"href":"https:\/\/elterritorialweb.com.ar\/web\/wp-json\/wp\/v2\/types\/post"}],"author":[{"embeddable":true,"href":"https:\/\/elterritorialweb.com.ar\/web\/wp-json\/wp\/v2\/users\/2"}],"replies":[{"embeddable":true,"href":"https:\/\/elterritorialweb.com.ar\/web\/wp-json\/wp\/v2\/comments?post=12958"}],"version-history":[{"count":1,"href":"https:\/\/elterritorialweb.com.ar\/web\/wp-json\/wp\/v2\/posts\/12958\/revisions"}],"predecessor-version":[{"id":12960,"href":"https:\/\/elterritorialweb.com.ar\/web\/wp-json\/wp\/v2\/posts\/12958\/revisions\/12960"}],"wp:featuredmedia":[{"embeddable":true,"href":"https:\/\/elterritorialweb.com.ar\/web\/wp-json\/wp\/v2\/media\/10972"}],"wp:attachment":[{"href":"https:\/\/elterritorialweb.com.ar\/web\/wp-json\/wp\/v2\/media?parent=12958"}],"wp:term":[{"taxonomy":"category","embeddable":true,"href":"https:\/\/elterritorialweb.com.ar\/web\/wp-json\/wp\/v2\/categories?post=12958"},{"taxonomy":"post_tag","embeddable":true,"href":"https:\/\/elterritorialweb.com.ar\/web\/wp-json\/wp\/v2\/tags?post=12958"}],"curies":[{"name":"wp","href":"https:\/\/api.w.org\/{rel}","templated":true}]}}