{"id":12964,"date":"2020-11-08T23:54:34","date_gmt":"2020-11-08T23:54:34","guid":{"rendered":"http:\/\/elterritorialweb.com.ar\/web\/?p=12964"},"modified":"2020-11-09T00:00:20","modified_gmt":"2020-11-09T00:00:20","slug":"en-el-dia-nacional-del-donante-voluntario-de-sangre-convocan-a-participar-de-la-colecta","status":"publish","type":"post","link":"https:\/\/elterritorialweb.com.ar\/web\/en-el-dia-nacional-del-donante-voluntario-de-sangre-convocan-a-participar-de-la-colecta\/","title":{"rendered":"EN EL D\u00cdA NACIONAL DEL DONANTE VOLUNTARIO DE SANGRE, CONVOCAN A PARTICIPAR DE LA COLECTA"},"content":{"rendered":"\n<p>El <strong>Ministerio de Salud de la Provincia de Santiago del Estero<\/strong>, a trav\u00e9s del <strong>Centro Provincial de Sangre <\/strong>y en coordinaci\u00f3n con la <strong>Facultad de Ciencias Sociales de la UCSE<\/strong>, convoca a participar de la <strong>Colecta de Sangre <\/strong>en el marco del <strong>D\u00eda Nacional del Donante Voluntario de Sangre<\/strong>. <\/p>\n\n\n\n<p>La colecta se llevar\u00e1 a cabo el d\u00eda <strong>9 de noviembre en el horario de 7 a 13 hs<\/strong>, en las instalaciones del <strong>Centro Provincial de Sangre de Santiago del Estero, ubicado en calle Moreno (S) 2203. <\/strong><\/p>\n\n\n\n<p>Cabe destacar que las salas de atenci\u00f3n al donante cuentan con las medidas de seguridad e higiene dispuestas por la OMS. As\u00ed mismo se recuerda a la poblaci\u00f3n que <strong>deben asistir con DNI, adem\u00e1s el donante debe gozar de buena salud, ser mayor de 18 a\u00f1os, menor de 65, y Pesar mas de 50 kg<\/strong>. Por informes, comunicarse al tel\u00e9fono 385525399 o a trav\u00e9s de las redes sociales del Centro Provincial de Sangre<\/p>\n","protected":false},"excerpt":{"rendered":"<p>En el d\u00eda del donante voluntario de sangre convocan a participar de la colecta.<\/p>\n","protected":false},"author":2,"featured_media":12967,"comment_status":"open","ping_status":"open","sticky":false,"template":"","format":"standard","meta":{"om_disable_all_campaigns":false,"_monsterinsights_skip_tracking":false,"_monsterinsights_sitenote_active":false,"_monsterinsights_sitenote_note":"","_monsterinsights_sitenote_category":0,"_uf_show_specific_survey":0,"_uf_disable_surveys":false,"jetpack_post_was_ever_published":false,"_jetpack_newsletter_access":"","_jetpack_dont_email_post_to_subs":false,"_jetpack_newsletter_tier_id":0,"_jetpack_memberships_contains_paywalled_content":false,"_jetpack_memberships_contains_paid_content":false,"footnotes":"","jetpack_publicize_message":"","jetpack_publicize_feature_enabled":true,"jetpack_social_post_already_shared":false,"jetpack_social_options":{"image_generator_settings":{"template":"highway","default_image_id":0,"font":"","enabled":false},"version":2}},"categories":[3],"tags":[],"class_list":["post-12964","post","type-post","status-publish","format-standard","has-post-thumbnail","hentry","category-salud"],"aioseo_notices":[],"views":5,"jetpack_publicize_connections":[],"jetpack_featured_media_url":"https:\/\/i0.wp.com\/elterritorialweb.com.ar\/web\/wp-content\/uploads\/2020\/11\/2020-11-08-2.png?fit=1296%2C729&ssl=1","jetpack_sharing_enabled":true,"_links":{"self":[{"href":"https:\/\/elterritorialweb.com.ar\/web\/wp-json\/wp\/v2\/posts\/12964","targetHints":{"allow":["GET"]}}],"collection":[{"href":"https:\/\/elterritorialweb.com.ar\/web\/wp-json\/wp\/v2\/posts"}],"about":[{"href":"https:\/\/elterritorialweb.com.ar\/web\/wp-json\/wp\/v2\/types\/post"}],"author":[{"embeddable":true,"href":"https:\/\/elterritorialweb.com.ar\/web\/wp-json\/wp\/v2\/users\/2"}],"replies":[{"embeddable":true,"href":"https:\/\/elterritorialweb.com.ar\/web\/wp-json\/wp\/v2\/comments?post=12964"}],"version-history":[{"count":2,"href":"https:\/\/elterritorialweb.com.ar\/web\/wp-json\/wp\/v2\/posts\/12964\/revisions"}],"predecessor-version":[{"id":12968,"href":"https:\/\/elterritorialweb.com.ar\/web\/wp-json\/wp\/v2\/posts\/12964\/revisions\/12968"}],"wp:featuredmedia":[{"embeddable":true,"href":"https:\/\/elterritorialweb.com.ar\/web\/wp-json\/wp\/v2\/media\/12967"}],"wp:attachment":[{"href":"https:\/\/elterritorialweb.com.ar\/web\/wp-json\/wp\/v2\/media?parent=12964"}],"wp:term":[{"taxonomy":"category","embeddable":true,"href":"https:\/\/elterritorialweb.com.ar\/web\/wp-json\/wp\/v2\/categories?post=12964"},{"taxonomy":"post_tag","embeddable":true,"href":"https:\/\/elterritorialweb.com.ar\/web\/wp-json\/wp\/v2\/tags?post=12964"}],"curies":[{"name":"wp","href":"https:\/\/api.w.org\/{rel}","templated":true}]}}