{"id":13033,"date":"2020-11-10T18:21:21","date_gmt":"2020-11-10T18:21:21","guid":{"rendered":"http:\/\/elterritorialweb.com.ar\/web\/?p=13033"},"modified":"2020-11-10T18:21:23","modified_gmt":"2020-11-10T18:21:23","slug":"proyectan-instalar-una-red-de-wifi-6-en-las-universidades-publicas","status":"publish","type":"post","link":"https:\/\/elterritorialweb.com.ar\/web\/proyectan-instalar-una-red-de-wifi-6-en-las-universidades-publicas\/","title":{"rendered":"PROYECTAN INSTALAR UNA RED DE WIFI 6 EN LAS UNIVERSIDADES P\u00daBLICAS"},"content":{"rendered":"\n<p>El secretario de Pol\u00edticas Universitarias, Jaime Perczyk, se reuni\u00f3 con representantes de ENACOM (Ente Nacional de las Comunicaciones) y rectores integrantes del CIN (Consejo Interuniversitario Nacional) para avanzar en el plan de mejoramiento de la conectividad inal\u00e1mbrica en las universidades nacionales.<\/p>\n\n\n\n<p>El objetivo del proyecto es implementar una red de WIFI 6 de \u00faltima generaci\u00f3n en las instituciones, a fin de eliminar los cuellos de botella producidos por la concurrencia de usuarios conectados en forma simult\u00e1nea en cada uno de los edificios. De esta manera, se llegar\u00eda a dar cobertura a 2 millones de estudiantes y, adem\u00e1s, el WIFI externo podr\u00eda ampliar la cobertura a barrios populares pr\u00f3ximos a las sedes centrales.<\/p>\n\n\n\n<p>Al respecto, Perczyk coment\u00f3 que&nbsp;<em>\u00aba veces sucede que son procesos traum\u00e1ticos como \u00e9stos los que catalizan y aceleran ciertos cambios y si el sistema universitario logra sintetizar lo que se hac\u00eda antes del 20 de marzo y lo que se ha hecho todos estos meses, la universidad p\u00fablica argentina va a haber acumulado un capital m\u00e1s que interesante\u00bb<\/em>.<\/p>\n\n\n\n<p>Asimismo, el objetivo del proyecto es mejorar la conectividad para que, una vez finalizado el aislamiento social, preventivo y obligatorio, los alumnos puedan continuar con sus nuevos h\u00e1bitos de acceso a las plataformas y servicios, ya que existir\u00e1 una alta demanda de conectividad debido a la gran cantidad de dispositivos utilizados por los estudiantes. En este sentido, el vicepresidente de ENACOM, Gustavo L\u00f3pez, dijo que la pandemia consolid\u00f3 la virtualidad y el \u201cacceso a redes se convirti\u00f3 en prioritario y fundamental\u201d.<\/p>\n\n\n\n<p>La tecnolog\u00eda de WIFI 6 permite pensar en un horizonte tecnol\u00f3gico m\u00ednimo de 5 a 10 a\u00f1os, ya que reci\u00e9n se est\u00e1 incorporando en Argentina y es la m\u00e1s avanzada en la actualidad. Permitir\u00e1 la conexi\u00f3n de hasta mil estudiantes por punto de acceso y se administrar\u00e1 centralizadamente para hacer m\u00e1s eficiente su uso<\/p>\n\n\n\n<p>Durante el encuentro, adem\u00e1s, se analiz\u00f3 el alto impacto que tuvo en el sistema universitario la implementaci\u00f3n del beneficio de la liberaci\u00f3n de costos al acceso de contenidos acad\u00e9micos bajo dominios edu.ar a trav\u00e9s de las redes de telefon\u00eda m\u00f3vil y la posibilidad de continuar el mismo como as\u00ed tambi\u00e9n dinamizar su aplicaci\u00f3n en todo el sistema universitario.<\/p>\n\n\n\n<p>Participaron la presidenta del CIN, Prof. Mar\u00eda Delfina Veirav\u00e9(UNNE); el vicepresidente, Lic. Rodolfo Tecchi (UNJu); el presidente y vicepresidente de la Comisi\u00f3n de Conectividad y Sistemas de Informaci\u00f3n, Dr. Daniel Vega (UNS) y Dr. Carlos De Marziani (UNPSJB) y los rectores, Cont. Carlos Greco (UNSAM) y Ernesto Villanueva (UNAJ). Mientras que, por ENACOM, acompa\u00f1aron a Gustavo L\u00f3pez, el Jefe de Gabinete del Ente, Ariel Mart\u00ednez y el director de Asuntos Jur\u00eddicos y Regulatorios, Diego Leiva.<\/p>\n","protected":false},"excerpt":{"rendered":"<p>El secretario de Pol\u00edticas Universitarias, Jaime Perczyk, se reuni\u00f3 con representantes de ENACOM y rectores integrantes del CIN.<\/p>\n","protected":false},"author":2,"featured_media":13034,"comment_status":"open","ping_status":"open","sticky":false,"template":"","format":"standard","meta":{"om_disable_all_campaigns":false,"_monsterinsights_skip_tracking":false,"_monsterinsights_sitenote_active":false,"_monsterinsights_sitenote_note":"","_monsterinsights_sitenote_category":0,"_uf_show_specific_survey":0,"_uf_disable_surveys":false,"jetpack_post_was_ever_published":false,"_jetpack_newsletter_access":"","_jetpack_dont_email_post_to_subs":false,"_jetpack_newsletter_tier_id":0,"_jetpack_memberships_contains_paywalled_content":false,"_jetpack_memberships_contains_paid_content":false,"footnotes":"","jetpack_publicize_message":"","jetpack_publicize_feature_enabled":true,"jetpack_social_post_already_shared":false,"jetpack_social_options":{"image_generator_settings":{"template":"highway","default_image_id":0,"font":"","enabled":false},"version":2}},"categories":[19],"tags":[],"class_list":["post-13033","post","type-post","status-publish","format-standard","has-post-thumbnail","hentry","category-educacion"],"aioseo_notices":[],"views":7,"jetpack_publicize_connections":[],"jetpack_featured_media_url":"https:\/\/i0.wp.com\/elterritorialweb.com.ar\/web\/wp-content\/uploads\/2020\/11\/WIFI-EN-LA-UNIVERSIDAD.jpg?fit=680%2C384&ssl=1","jetpack_sharing_enabled":true,"_links":{"self":[{"href":"https:\/\/elterritorialweb.com.ar\/web\/wp-json\/wp\/v2\/posts\/13033","targetHints":{"allow":["GET"]}}],"collection":[{"href":"https:\/\/elterritorialweb.com.ar\/web\/wp-json\/wp\/v2\/posts"}],"about":[{"href":"https:\/\/elterritorialweb.com.ar\/web\/wp-json\/wp\/v2\/types\/post"}],"author":[{"embeddable":true,"href":"https:\/\/elterritorialweb.com.ar\/web\/wp-json\/wp\/v2\/users\/2"}],"replies":[{"embeddable":true,"href":"https:\/\/elterritorialweb.com.ar\/web\/wp-json\/wp\/v2\/comments?post=13033"}],"version-history":[{"count":1,"href":"https:\/\/elterritorialweb.com.ar\/web\/wp-json\/wp\/v2\/posts\/13033\/revisions"}],"predecessor-version":[{"id":13035,"href":"https:\/\/elterritorialweb.com.ar\/web\/wp-json\/wp\/v2\/posts\/13033\/revisions\/13035"}],"wp:featuredmedia":[{"embeddable":true,"href":"https:\/\/elterritorialweb.com.ar\/web\/wp-json\/wp\/v2\/media\/13034"}],"wp:attachment":[{"href":"https:\/\/elterritorialweb.com.ar\/web\/wp-json\/wp\/v2\/media?parent=13033"}],"wp:term":[{"taxonomy":"category","embeddable":true,"href":"https:\/\/elterritorialweb.com.ar\/web\/wp-json\/wp\/v2\/categories?post=13033"},{"taxonomy":"post_tag","embeddable":true,"href":"https:\/\/elterritorialweb.com.ar\/web\/wp-json\/wp\/v2\/tags?post=13033"}],"curies":[{"name":"wp","href":"https:\/\/api.w.org\/{rel}","templated":true}]}}