{"id":13036,"date":"2020-11-10T23:29:52","date_gmt":"2020-11-10T23:29:52","guid":{"rendered":"http:\/\/elterritorialweb.com.ar\/web\/?p=13036"},"modified":"2020-11-10T23:29:53","modified_gmt":"2020-11-10T23:29:53","slug":"las-iglesias-brindan-su-apoyo-al-ministerio-de-salud-en-la-lucha-contra-la-pandemia","status":"publish","type":"post","link":"https:\/\/elterritorialweb.com.ar\/web\/las-iglesias-brindan-su-apoyo-al-ministerio-de-salud-en-la-lucha-contra-la-pandemia\/","title":{"rendered":"LAS IGLESIAS BRINDAN SU APOYO AL MINISTERIO DE SALUD EN LA LUCHA CONTRA LA PANDEMIA"},"content":{"rendered":"\n<p>La reuni\u00f3n se desarroll\u00f3 en el FORUM y cont\u00f3 con la presencia del Presb\u00edtero Enrique Mart\u00ednez Ossola, Obispo auxiliar de la Di\u00f3cesis de Santiago del Estero; Padre Gregorio Makantasis de la Iglesia Cat\u00f3lica Ortodoxa; Pastor Francisco Jim\u00e9nez de la Iglesia Pentecostal \u201cLa Gloria y el Poder de Jehov\u00e1\u201d; Pastor Antonio Zaiek de la Iglesia Bautista del Centro; Pastor Ram\u00f3n Montenegro de la Iglesia \u201cNueva Generaci\u00f3n\u201d; pastor Carmelo Gechelin de la Iglesia Evang\u00e9lica Peniel; Pastor Jos\u00e9 Edgardo Ceguil de la Asociaci\u00f3n Evang\u00e9lica \u201cAsamblea de Dios\u201d; Pastor Lucas D\u00edaz del Ministerio Mahanaim y Pastor Pedro Santill\u00e1n del Movimiento Cristiano Misionero.<br>La ministra Nassif estuvo acompa\u00f1ada por parte de su gabinete: la Dra. Florencia Coronel, responsable de la Secretar\u00eda T\u00e9cnica de Epidemiolog\u00eda; Dra. Martha Tarchini, Directora de APS y Gonzalo Ter\u00e1n, supervisor general; Lic. Ramiro Banco, Director de Salud Comunitaria y Lic. Adriana Cortese, responsable de Salud Mental de la cartera sanitaria.<br>Durante la reuni\u00f3n, la Ministra agradeci\u00f3 la presencia de presb\u00edteros y pastores y la colaboraci\u00f3n permanente en el cumplimiento de protocolos para resguardar la salud de la poblaci\u00f3n. \u201cNos sentimos muy acompa\u00f1ados por ustedes en este contexto de emergencia sanitaria y esperamos seguir avanzando en este espacio abierto de di\u00e1logo y cooperaci\u00f3n mutua\u201d, manifest\u00f3 la funcionaria.<br>En otro tramo de la reuni\u00f3n, Nassif convoc\u00f3 a los titulares de las Iglesias a<br>promover la reflexi\u00f3n de sus feligreses sobre la importancia \u201cde la responsabilidad individual en este momento, para no poner en riesgo la salud de los m\u00e1s vulnerables\u201d y pidi\u00f3 su ayuda para que la gente \u201ctome conciencia de que debe cuidar su salud para cuidar la salud de todos. Estamos dando una dura batalla contra el virus y necesitamos del compromiso de todos\u201d, puntualiz\u00f3 la Ministra.<\/p>\n\n\n\n<p>Por su parte, la Dra. Florencia Coronel hizo una breve s\u00edntesis sobre la inminente llegada de la vacuna contra el COVID, lo que implicar\u00e1 un gran nivel de organizaci\u00f3n, log\u00edstica y todo lo necesario para garantizar la inmunizaci\u00f3n a los grupos de riesgo para que la estrategia tenga el impacto esperado en la comunidad. Por otro lado explic\u00f3, que, una vez que se concreten todos los an\u00e1lisis de seguridad y efectividad y que tengan la aprobaci\u00f3n de los entes reguladores de EEUU, Europa y el ANMAT local, las vacunas van a ingresar al pa\u00eds.<br>El Obispo Auxiliar Enrique Mart\u00ednez Ossola coment\u00f3 que durante la reuni\u00f3n, las distintas iglesias manifestaron \u201cla distintas inquietudes acerca de la colaboraci\u00f3n que podemos brindar frente a la pandemia\u201d y se\u00f1al\u00f3: \u201cacordamos mantener estos encuentros, hicimos algunas solicitudes, todo en un clima de respeto. Esperamos que esto redunde en bien de la comunidad que es lo que todos buscamos\u201d.<br>El Pastor Antonio Zaiek, asegur\u00f3 que \u201cel Ministerio de Salud puede contar con nuestras iglesias que est\u00e1n a su disposici\u00f3n para crear conciencia, para que lo m\u00e1s r\u00e1pido posible podamos salir de esta pandemia\u201d.\u00a0<br>El Pastor Carmelo Gechelin dijo que la reuni\u00f3n \u201cfue de mucha bendici\u00f3n y<br>edificaci\u00f3n. Aunamos criterios y fue en armon\u00eda y en un mismo sentido. Creo que en la multitud est\u00e1 la sabidur\u00eda, esto nos va a llevar a ampliar el cuidado a la comunidad\u201d.<\/p>\n","protected":false},"excerpt":{"rendered":"<p>La ministra de Salud, Lic. Natividad Nassif, presidi\u00f3 una reuni\u00f3n con los titulares de las Iglesias y entidades religiosas de la provincia, quienes manifestaron su apoyo a las pol\u00edticas sanitarias de lucha contra la pandemia, comprometieron su acompa\u00f1amiento en las acciones de concientizaci\u00f3n y en la pr\u00f3xima campa\u00f1a de vacunaci\u00f3n contra el COVID-19 y dialogaron sobre los protocolos relacionados a la actividad en sus templos. <\/p>\n","protected":false},"author":2,"featured_media":13037,"comment_status":"open","ping_status":"open","sticky":false,"template":"","format":"standard","meta":{"om_disable_all_campaigns":false,"_monsterinsights_skip_tracking":false,"_monsterinsights_sitenote_active":false,"_monsterinsights_sitenote_note":"","_monsterinsights_sitenote_category":0,"_uf_show_specific_survey":0,"_uf_disable_surveys":false,"jetpack_post_was_ever_published":false,"_jetpack_newsletter_access":"","_jetpack_dont_email_post_to_subs":false,"_jetpack_newsletter_tier_id":0,"_jetpack_memberships_contains_paywalled_content":false,"_jetpack_memberships_contains_paid_content":false,"footnotes":"","jetpack_publicize_message":"","jetpack_publicize_feature_enabled":true,"jetpack_social_post_already_shared":false,"jetpack_social_options":{"image_generator_settings":{"template":"highway","default_image_id":0,"font":"","enabled":false},"version":2}},"categories":[3],"tags":[],"class_list":["post-13036","post","type-post","status-publish","format-standard","has-post-thumbnail","hentry","category-salud"],"aioseo_notices":[],"views":5,"jetpack_publicize_connections":[],"jetpack_featured_media_url":"https:\/\/i0.wp.com\/elterritorialweb.com.ar\/web\/wp-content\/uploads\/2020\/11\/reunion-iglesias--scaled.jpg?fit=2560%2C1707&ssl=1","jetpack_sharing_enabled":true,"_links":{"self":[{"href":"https:\/\/elterritorialweb.com.ar\/web\/wp-json\/wp\/v2\/posts\/13036","targetHints":{"allow":["GET"]}}],"collection":[{"href":"https:\/\/elterritorialweb.com.ar\/web\/wp-json\/wp\/v2\/posts"}],"about":[{"href":"https:\/\/elterritorialweb.com.ar\/web\/wp-json\/wp\/v2\/types\/post"}],"author":[{"embeddable":true,"href":"https:\/\/elterritorialweb.com.ar\/web\/wp-json\/wp\/v2\/users\/2"}],"replies":[{"embeddable":true,"href":"https:\/\/elterritorialweb.com.ar\/web\/wp-json\/wp\/v2\/comments?post=13036"}],"version-history":[{"count":1,"href":"https:\/\/elterritorialweb.com.ar\/web\/wp-json\/wp\/v2\/posts\/13036\/revisions"}],"predecessor-version":[{"id":13038,"href":"https:\/\/elterritorialweb.com.ar\/web\/wp-json\/wp\/v2\/posts\/13036\/revisions\/13038"}],"wp:featuredmedia":[{"embeddable":true,"href":"https:\/\/elterritorialweb.com.ar\/web\/wp-json\/wp\/v2\/media\/13037"}],"wp:attachment":[{"href":"https:\/\/elterritorialweb.com.ar\/web\/wp-json\/wp\/v2\/media?parent=13036"}],"wp:term":[{"taxonomy":"category","embeddable":true,"href":"https:\/\/elterritorialweb.com.ar\/web\/wp-json\/wp\/v2\/categories?post=13036"},{"taxonomy":"post_tag","embeddable":true,"href":"https:\/\/elterritorialweb.com.ar\/web\/wp-json\/wp\/v2\/tags?post=13036"}],"curies":[{"name":"wp","href":"https:\/\/api.w.org\/{rel}","templated":true}]}}