{"id":13245,"date":"2020-11-14T21:48:26","date_gmt":"2020-11-14T21:48:26","guid":{"rendered":"http:\/\/elterritorialweb.com.ar\/web\/?p=13245"},"modified":"2020-11-14T21:48:27","modified_gmt":"2020-11-14T21:48:27","slug":"trotta-el-presupuesto-2021-pone-fin-al-desfinanciamiento-de-los-ultimos-4-anos","status":"publish","type":"post","link":"https:\/\/elterritorialweb.com.ar\/web\/trotta-el-presupuesto-2021-pone-fin-al-desfinanciamiento-de-los-ultimos-4-anos\/","title":{"rendered":"TROTTA: \u00abEL PRESUPUESTO 2021 PONE F\u00cdN AL DESFINANCIAMIENTO DE LOS \u00daLTIMOS 4 A\u00d1OS\u00bb"},"content":{"rendered":"\n<p>Adem\u00e1s, el titular de la cartera educativa realiz\u00f3 un recorrido por los partidos de Mercedes y San Andr\u00e9s de Giles, y en esta \u00faltima ciudad visit\u00f3 escuelas y obras paralizadas en la gesti\u00f3n anterior.<\/p>\n\n\n\n<p>Tras firmar los convenios con los tres municipios,\u00a0<strong>Trotta<\/strong>\u00a0afirm\u00f3:\u00a0<em>\u201cPoner a la Argentina de pie implica reafirmar que el Estado nos cuida, que es promotor del desarrollo. Por eso, el presupuesto 2021 pone fin al desfinanciamiento educativo de los \u00faltimos cuatro a\u00f1os\u00bb<\/em>\u00a0y remarc\u00f3:\u00a0<em>\u00abEstamos multiplicando por siete la inversi\u00f3n para la construcci\u00f3n de nuevos jardines de infantes en la Argentina; multiplicando por cinco la inversi\u00f3n en la remodelaci\u00f3n de nuestras escuelas; estamos llevando el crecimiento de las becas Progresar a un 103% lo que va a implicar que lleguen a m\u00e1s argentinos y argentinas; y estamos triplicando la inversi\u00f3n en nuestro programa de conectividad\u201d<\/em>. <\/p>\n\n\n\n<p>El titular de la cartera educativa, concluy\u00f3:\u00a0<em>\u201cEste es un camino que tenemos que comenzar a transitar nuevamente, aunque no sea sencillo, por el impacto de la pandemia pero tambi\u00e9n por lo que han sido las malas pol\u00edticas del pasado. Y es ah\u00ed donde tenemos que sintetizar el trabajo mancomunado para construir ese horizonte de cara al futuro\u201d<\/em>.<\/p>\n\n\n\n<p>En San Andr\u00e9s de Giles, Nicol\u00e1s Trotta junto con el intendente Carlos Puglelli y autoridades municipales y escolares que lo acompa\u00f1aron, visitaron la obra de la Escuela del Barrio Kauffman que se encuentra en construcci\u00f3n para conocer m\u00e1s en profundidad los detalles de la ejecuci\u00f3n. <\/p>\n\n\n\n<p>Luego, se dirigi\u00f3 a la Escuela Primaria N\u00b019 Domingo French de la localidad de Villa Espil, donde recorri\u00f3 las instalaciones y particip\u00f3 del acto de entrega de libros con directoras, directores, autoridades de la Direcci\u00f3n General de Escuelas, representantes gremiales, docentes, alumnas y alumnos.<\/p>\n\n\n\n<p>Por su parte, el intendente&nbsp;<strong>Puglelli<\/strong>, resalt\u00f3:&nbsp;<em>\u201cEs importante destacar que a pesar de la situaci\u00f3n, nuestros ni\u00f1os y ni\u00f1as no perdieron la posibilidad de seguir estudiando, lo siguieron haciendo de manera virtual y a la distancia. Hubo clases de otra manera, y aunque la relaci\u00f3n de los chicos y las chicas con las y los docentes tambi\u00e9n haya sido diferente en la virtualidad, se pudo mantener la continuidad pedag\u00f3gica a pesar de todo\u201d<\/em>.<\/p>\n\n\n\n<p>M\u00e1s tarde, luego de la visita a la ex Escuela Secundaria N\u00ba 13, el intendente de Mercedes,&nbsp;<strong>Juan Ignacio Ustarroz<\/strong>, expres\u00f3:&nbsp;<em>\u201cLa educaci\u00f3n es algo que debe unir a los argentinos porque es el presente y el futuro de una Naci\u00f3n. Y qu\u00e9 lindo que es cuando el Estado Nacional, el provincial y los municipios se ponen de acuerdo para hacer lo que hay que hacer. Es responsabilidad, no solo del Ministerio, sino de toda la comunidad lograr procesos en armon\u00eda, y construir un futuro mejor\u201d<\/em>.<\/p>\n\n\n\n<p>El Fondo COVID-19 cuenta con una inversi\u00f3n total de 2.300 millones de pesos para acondicionar instituciones de todo el pa\u00eds para la vuelta a las clases presenciales: $500 millones en transferencias de hasta $50.000 directo a las escuelas, que priorice cada una de las provincias, destinados a la adquisici\u00f3n de insumos (alcohol, lavandina, art\u00edculos de limpieza, tapabocas, etc.); $1300 millones para obras destinadas a provisi\u00f3n de agua, reparaciones de sanitarios y acondicionamiento de higiene y seguridad (con un sistema mixto, directo a escuelas hasta $400.000 y v\u00eda provincia montos mayores); y $ 500 millones de refuerzo del programa 37 de infraestructura escolar, destinado a reparaciones menores de las escuelas, con el objetivo de su puesta a punto para el reinicio de la presencialidad.<\/p>\n","protected":false},"excerpt":{"rendered":"<p>El ministro de Educaci\u00f3n de la Naci\u00f3n, Nicol\u00e1s Trotta, concret\u00f3 la firma del convenio \u201cFondo COVID-19&#8243; con los distritos bonaerenses de San Andr\u00e9s de Giles, Exaltaci\u00f3n de la Cruz y Mercedes, para mejoras y refacciones de infraestructura en establecimientos educativos de gesti\u00f3n estatal. <\/p>\n","protected":false},"author":2,"featured_media":13246,"comment_status":"open","ping_status":"open","sticky":false,"template":"","format":"standard","meta":{"om_disable_all_campaigns":false,"_monsterinsights_skip_tracking":false,"_monsterinsights_sitenote_active":false,"_monsterinsights_sitenote_note":"","_monsterinsights_sitenote_category":0,"_uf_show_specific_survey":0,"_uf_disable_surveys":false,"jetpack_post_was_ever_published":false,"_jetpack_newsletter_access":"","_jetpack_dont_email_post_to_subs":false,"_jetpack_newsletter_tier_id":0,"_jetpack_memberships_contains_paywalled_content":false,"_jetpack_memberships_contains_paid_content":false,"footnotes":"","jetpack_publicize_message":"","jetpack_publicize_feature_enabled":true,"jetpack_social_post_already_shared":false,"jetpack_social_options":{"image_generator_settings":{"template":"highway","default_image_id":0,"font":"","enabled":false},"version":2}},"categories":[19],"tags":[],"class_list":["post-13245","post","type-post","status-publish","format-standard","has-post-thumbnail","hentry","category-educacion"],"aioseo_notices":[],"views":6,"jetpack_publicize_connections":[],"jetpack_featured_media_url":"https:\/\/i0.wp.com\/elterritorialweb.com.ar\/web\/wp-content\/uploads\/2020\/11\/TROTTA-PRESUPUESTO-2021-scaled.jpg?fit=2560%2C1711&ssl=1","jetpack_sharing_enabled":true,"_links":{"self":[{"href":"https:\/\/elterritorialweb.com.ar\/web\/wp-json\/wp\/v2\/posts\/13245","targetHints":{"allow":["GET"]}}],"collection":[{"href":"https:\/\/elterritorialweb.com.ar\/web\/wp-json\/wp\/v2\/posts"}],"about":[{"href":"https:\/\/elterritorialweb.com.ar\/web\/wp-json\/wp\/v2\/types\/post"}],"author":[{"embeddable":true,"href":"https:\/\/elterritorialweb.com.ar\/web\/wp-json\/wp\/v2\/users\/2"}],"replies":[{"embeddable":true,"href":"https:\/\/elterritorialweb.com.ar\/web\/wp-json\/wp\/v2\/comments?post=13245"}],"version-history":[{"count":1,"href":"https:\/\/elterritorialweb.com.ar\/web\/wp-json\/wp\/v2\/posts\/13245\/revisions"}],"predecessor-version":[{"id":13247,"href":"https:\/\/elterritorialweb.com.ar\/web\/wp-json\/wp\/v2\/posts\/13245\/revisions\/13247"}],"wp:featuredmedia":[{"embeddable":true,"href":"https:\/\/elterritorialweb.com.ar\/web\/wp-json\/wp\/v2\/media\/13246"}],"wp:attachment":[{"href":"https:\/\/elterritorialweb.com.ar\/web\/wp-json\/wp\/v2\/media?parent=13245"}],"wp:term":[{"taxonomy":"category","embeddable":true,"href":"https:\/\/elterritorialweb.com.ar\/web\/wp-json\/wp\/v2\/categories?post=13245"},{"taxonomy":"post_tag","embeddable":true,"href":"https:\/\/elterritorialweb.com.ar\/web\/wp-json\/wp\/v2\/tags?post=13245"}],"curies":[{"name":"wp","href":"https:\/\/api.w.org\/{rel}","templated":true}]}}