{"id":13248,"date":"2020-11-14T22:21:40","date_gmt":"2020-11-14T22:21:40","guid":{"rendered":"http:\/\/elterritorialweb.com.ar\/web\/?p=13248"},"modified":"2020-11-14T22:21:41","modified_gmt":"2020-11-14T22:21:41","slug":"8-468-nuevos-casos-de-covid-19-en-24-horas-con-un-total-de-1-304-846-infectados-en-argentina","status":"publish","type":"post","link":"https:\/\/elterritorialweb.com.ar\/web\/8-468-nuevos-casos-de-covid-19-en-24-horas-con-un-total-de-1-304-846-infectados-en-argentina\/","title":{"rendered":"8.468 NUEVOS CASOS DE COVID-19 EN 24 HORAS, CON UN TOTAL DE 1.304.846 INFECTADOS EN ARGENTINA"},"content":{"rendered":"\n<p>Otras 262 personas murieron y 8.468 fueron reportadas con coronavirus en las \u00faltimas 24 horas en la Argentina, con lo que suman 35.307 los fallecidos y 1.304.846 los contagiados desde el inicio de la pandemia, inform\u00f3 el Ministerio de Salud.<\/p>\n\n\n\n<p>La cartera sanitaria indic\u00f3 que son 4.346 los internados en unidades de terapia intensiva, con un porcentaje de ocupaci\u00f3n de camas de adultos de 58,1% en el pa\u00eds y del 59,7% en la \u00c1rea Metropolitana Buenos Aires.<\/p>\n\n\n\n<p>De los 1.304.846 contagiados, 1.119.366 recibi\u00f3 el alta.<\/p>\n\n\n\n<p>El reporte vespertino consign\u00f3 que murieron 145 hombres, 105 residentes en la provincia de Buenos Aires; 6 en Ciudad de Buenos Aires; 1 en Chubut; 8 en C\u00f3rdoba; 5 en Entre R\u00edos; 1 en Mendoza; 4 en R\u00edo Negro; 3 en Salta; 7 en Santa Fe; 2 en Santiago del Estero; y 3 en Tucum\u00e1n.<\/p>\n\n\n\n<p>Tambi\u00e9n fallecieron 117 mujeres: 72 en la provincia de Buenos Aires; 8 en la Ciudad de Buenos Aires; 2 en Chaco; 1 en Chubut; 11 en C\u00f3rdoba; 1 en Corrientes; 2 en Entre R\u00edos; 1 en Jujuy; 2 en Mendoza; 3 en R\u00edo Negro; 2 en Salta; 1 en Santa Cruz; 5 en Santa Fe; 1 en Tierra del Fuego y 5 en Tucum\u00e1n.<\/p>\n\n\n\n<p>Este s\u00e1bado se registraron en la provincia de Buenos Aires 2.300 casos; en la Ciudad de Buenos Aires, 506; en Catamarca, 34; en Chaco, 215; en Chubut, 275; en Corrientes, 144; en C\u00f3rdoba, 1.139; en Entre R\u00edos, 306; en Formosa, 1; en Jujuy, 22; en La Pampa, 95; en La Rioja, 80; en Mendoza, 294; en Misiones 4; en Neuqu\u00e9n, 181; en R\u00edo Negro, 217; en Salta, 59; en San Juan, 88; en San Luis, 199; en Santa Cruz, 160; en Santa Fe, 1.339; en Santiago del Estero, 264; en Tierra del Fuego, 120 y en Tucum\u00e1n 426.<\/p>\n\n\n\n<p>En las \u00faltimas 24 horas fueron realizados 25.314 testeos y desde el inicio del brote se realizaron 3.434.801 pruebas diagn\u00f3sticas para esta enfermedad, lo que equivale a 75.695 muestras por mill\u00f3n de habitantes.<\/p>\n\n\n\n<p>El total de acumulados por distrito indica que la provincia de Buenos Aires suma 587.808 casos; la Ciudad de Buenos Aires, 153.488; Catamarca, 1.421; Chaco, 16.188; Chubut, 19.032; C\u00f3rdoba, 101.630; Corrientes, 3.623; Entre R\u00edos, 19.866; Formosa, 168; Jujuy, 18.147; La Pampa, 4.643; La Rioja, 8.156; Mendoza, 52.993; Misiones, 372; Neuqu\u00e9n, 26.674; R\u00edo Negro, 28.312; Salta, 20.125; San Juan, 4.420; San Luis, 11.194; Santa Cruz, 12.469; Santa Fe, 127.448; Santiago del Estero, 12.868; Tierra del Fuego, 14.172 y Tucum\u00e1n, 59.629.<\/p>\n\n\n\n<p>Adem\u00e1s, se incluyen, en Tierra del Fuego, 13 casos en las Islas Malvinas, seg\u00fan informaci\u00f3n de prensa debido a que por la ocupaci\u00f3n ilegal del Reino Unido, Gran Breta\u00f1a e Irlanda del Norte no es posible contar con informaci\u00f3n propia sobre el impacto de la Covid-19 en esa parte del territorio argentino.<\/p>\n","protected":false},"excerpt":{"rendered":"<p>INFORME DEL MINISTERIO DE SALUD DE LA NACION<\/p>\n","protected":false},"author":2,"featured_media":13249,"comment_status":"open","ping_status":"open","sticky":false,"template":"","format":"standard","meta":{"om_disable_all_campaigns":false,"_monsterinsights_skip_tracking":false,"_monsterinsights_sitenote_active":false,"_monsterinsights_sitenote_note":"","_monsterinsights_sitenote_category":0,"_uf_show_specific_survey":0,"_uf_disable_surveys":false,"jetpack_post_was_ever_published":false,"_jetpack_newsletter_access":"","_jetpack_dont_email_post_to_subs":false,"_jetpack_newsletter_tier_id":0,"_jetpack_memberships_contains_paywalled_content":false,"_jetpack_memberships_contains_paid_content":false,"footnotes":"","jetpack_publicize_message":"","jetpack_publicize_feature_enabled":true,"jetpack_social_post_already_shared":false,"jetpack_social_options":{"image_generator_settings":{"template":"highway","default_image_id":0,"font":"","enabled":false},"version":2}},"categories":[3],"tags":[],"class_list":["post-13248","post","type-post","status-publish","format-standard","has-post-thumbnail","hentry","category-salud"],"aioseo_notices":[],"views":14,"jetpack_publicize_connections":[],"jetpack_featured_media_url":"https:\/\/i0.wp.com\/elterritorialweb.com.ar\/web\/wp-content\/uploads\/2020\/11\/NUEVOS-CASOS-14-DE-NOVIEMBRE.jpg?fit=680%2C383&ssl=1","jetpack_sharing_enabled":true,"_links":{"self":[{"href":"https:\/\/elterritorialweb.com.ar\/web\/wp-json\/wp\/v2\/posts\/13248","targetHints":{"allow":["GET"]}}],"collection":[{"href":"https:\/\/elterritorialweb.com.ar\/web\/wp-json\/wp\/v2\/posts"}],"about":[{"href":"https:\/\/elterritorialweb.com.ar\/web\/wp-json\/wp\/v2\/types\/post"}],"author":[{"embeddable":true,"href":"https:\/\/elterritorialweb.com.ar\/web\/wp-json\/wp\/v2\/users\/2"}],"replies":[{"embeddable":true,"href":"https:\/\/elterritorialweb.com.ar\/web\/wp-json\/wp\/v2\/comments?post=13248"}],"version-history":[{"count":1,"href":"https:\/\/elterritorialweb.com.ar\/web\/wp-json\/wp\/v2\/posts\/13248\/revisions"}],"predecessor-version":[{"id":13250,"href":"https:\/\/elterritorialweb.com.ar\/web\/wp-json\/wp\/v2\/posts\/13248\/revisions\/13250"}],"wp:featuredmedia":[{"embeddable":true,"href":"https:\/\/elterritorialweb.com.ar\/web\/wp-json\/wp\/v2\/media\/13249"}],"wp:attachment":[{"href":"https:\/\/elterritorialweb.com.ar\/web\/wp-json\/wp\/v2\/media?parent=13248"}],"wp:term":[{"taxonomy":"category","embeddable":true,"href":"https:\/\/elterritorialweb.com.ar\/web\/wp-json\/wp\/v2\/categories?post=13248"},{"taxonomy":"post_tag","embeddable":true,"href":"https:\/\/elterritorialweb.com.ar\/web\/wp-json\/wp\/v2\/tags?post=13248"}],"curies":[{"name":"wp","href":"https:\/\/api.w.org\/{rel}","templated":true}]}}