{"id":13255,"date":"2020-11-14T22:43:30","date_gmt":"2020-11-14T22:43:30","guid":{"rendered":"http:\/\/elterritorialweb.com.ar\/web\/?p=13255"},"modified":"2020-11-15T00:45:46","modified_gmt":"2020-11-15T00:45:46","slug":"el-mundo-sobrepso-la-barrera-de-los-13-millones-de-muertes-por-coronavirus","status":"publish","type":"post","link":"https:\/\/elterritorialweb.com.ar\/web\/el-mundo-sobrepso-la-barrera-de-los-13-millones-de-muertes-por-coronavirus\/","title":{"rendered":"EL MUNDO SOBREPASO LA BARRERA DE LOS 1,3 MILLONES DE MUERTES POR CORONAVIRUS"},"content":{"rendered":"\n<p>El mundo sobrepas\u00f3 la barrera de los 1,3 millones de decesos por el nuevo coronavirus, que volvi\u00f3 a registrar cifras r\u00e9cord de casos diarios en Estados Unidos y Europa, a la vez que numerosos pa\u00edses contemplan nuevas restricciones para frenar su avance.<\/p>\n\n\n\n<p>Con 9.531 decesos y 64.762 contagios en la \u00faltima jornada, un total de 1.300.576 de personas fallecieron y 53.164.803 resultaron infectadas desde el inicio de la pandemia en todo el planeta, seg\u00fan el balance de la Organizaci\u00f3n Mundial de Salud (OMS).<\/p>\n\n\n\n<p>Estados Unidos, el pa\u00eds m\u00e1s golpeado en n\u00famero de enfermos y fallecidos por Covid-19 a nivel global, estableci\u00f3 otro r\u00e9cord mundial diario de nuevos casos, con m\u00e1s de 184.000 registrados en las \u00faltimas 24 horas, lo que supone aumento de aproximadamente 31.000 respecto al d\u00eda anterior.<\/p>\n\n\n\n<p>Adem\u00e1s, contabiliz\u00f3 1.413 nuevas muertes en la \u00faltima jornada, por lo que el virus ya caus\u00f3 m\u00e1s de 244.000 defunciones y 10,8 millones de positivos en el pa\u00eds.<\/p>\n\n\n\n<p>Varias ciudades decidieron imponer nuevas restricciones para frenar el tercer repunte del brote, pese a la negativa del presidente Donald Trump de endurecer las medidas a nivel nacional.<\/p>\n\n\n\n<p>El nuevo coronavirus dej\u00f3 tambi\u00e9n nuevos m\u00e1ximos en pa\u00edses de Europa, donde la intensidad y la r\u00e1pida propagaci\u00f3n de la segunda ola de Covid-19 llev\u00f3 a muchos de ellos a tomar medidas dr\u00e1sticas.<\/p>\n\n\n\n<p>Tal es el caso de Polonia, que registr\u00f3 un r\u00e9cord de 548 fallecidos en la v\u00edspera, lo que elev\u00f3 el total de v\u00edctimas fatales a m\u00e1s de 10.000 desde el inicio de la pandemia, comunic\u00f3 el Ministerio de Salud.<\/p>\n\n\n\n<p>Tambi\u00e9n se reportaron 25.571 contagios en la \u00faltima jornada, con lo que el recuento subi\u00f3 a 691.118 positivos en el pa\u00eds, donde restaurantes y lugares de ocio est\u00e1n cerrados por el alto riesgo de contagio en todo el territorio.<\/p>\n\n\n\n<p>En Rusia, el quinto pa\u00eds m\u00e1s castigado por el brote, las autoridades sanitarias reportaron 22.702 casos de coronavirus en las \u00faltimas 24 horas, el m\u00e1ximo jam\u00e1s registrado, y 391 muertes por esta enfermedad, consign\u00f3 la agencia de noticias rusa Sputnik.<\/p>\n\n\n\n<p>En tanto, el avance desenfrenado de la segunda ola de Covid-19 en todo el continente europeo -otra vez epicentro mundial del virus- llev\u00f3 a casi todos los pa\u00edses a reimponer restricciones, ante el temor de un recrudecimiento con la pronta llegada del invierno boreal.<\/p>\n\n\n\n<p>En Austria, el canciller Sebastian Kurz anunci\u00f3 un nuevo confinamiento con toque de queda que durar\u00e1 cerca de tres semanas para reducir la presi\u00f3n sobre los hospitales en el pa\u00eds y como medida de prevenci\u00f3n ante la temporada festiva.<\/p>\n\n\n\n<p>\u00abLa \u00fanica herramienta que conocemos que funciona es un segundo confinamiento\u00bb, agreg\u00f3 Kurz, citado por la agencia de noticias Europa Press.<\/p>\n\n\n\n<p>El pa\u00eds registr\u00f3 9.500 nuevos casos en las \u00faltimas horas, con lo que alcanz\u00f3 un total de 198.000 contagios, mientras que el n\u00famero de muertos lleg\u00f3 a 1.746, entre ellos 53 de la \u00faltima jornada.<\/p>\n\n\n\n<p>En Grecia, que ya confin\u00f3 a su poblaci\u00f3n y decret\u00f3 esta semana un toque de queda nocturno, el ministro de Educaci\u00f3n, Niki Kerameus, anunci\u00f3 el cierre de colegios y jardines de infantes durante dos semanas, para intentar frenar los contagios de coronavirus.<\/p>\n\n\n\n<p>Con 3.038 nuevos casos y 38 muertes en la v\u00edspera, el pa\u00eds afronta una dura segunda ola de contagios despu\u00e9s de haber pasado la primera casi sin reportar positivos.<\/p>\n\n\n\n<p>En la vecina Italia, una de las naciones europeas m\u00e1s afectadas durante la primera ola de marzo y mayo pasados, el Gobierno no descarta la posibilidad de disponer un \u00abencierro generalizado\u00bb, aunque antes de hacerlo tomar\u00e1 dos o tres semanas para evaluar el resultado de las \u00faltimas medidas, inform\u00f3 una fuente oficial.<\/p>\n\n\n\n<p>\u00abHemos activado una serie de medidas proporcionales a la circulaci\u00f3n del virus en zonas espec\u00edficas de Italia; si se respetan, podremos evitarlo; si no tuvi\u00e9ramos \u00e9xito, todas las regiones se volver\u00edan rojas y de hecho se producir\u00eda el cierre generalizado\u00bb, afirm\u00f3 el m\u00e9dico Walter Ricciardi, asesor del ministro de Salud, Roberto Speranza.<\/p>\n\n\n\n<p>Italia, el d\u00e9cimo pa\u00eds con m\u00e1s casos de coronavirus desde el comienzo de la pandemia en todo el mundo, sumaba 1.144.552 (37.255 en las \u00faltimas 24 horas), inform\u00f3 esta tarde el Ministerio de Salud.<\/p>\n\n\n\n<p>Adem\u00e1s, es el sexto con m\u00e1s muertes por la enfermedad, con 44.683 (544 en el \u00faltimo d\u00eda).<\/p>\n\n\n\n<p>Nuevas restricciones fueron anunciadas, asimismo, en Ir\u00e1n, el pa\u00eds m\u00e1s golpeado por la Covid-19 en Medio Oriente.<\/p>\n\n\n\n<p>El presidente iran\u00ed, Hasan Rohani, dijo que a partir del 21 de noviembre se impondr\u00e1n medidas contra el coronavirus a nivel nacional m\u00e1s duras y por tiempo indefinido \u00abpara salvar vidas\u00bb, tras rozar el pa\u00eds su r\u00e9cord de contagios desde el inicio de la pandemia.<\/p>\n\n\n\n<p>Si bien el Gobierno dar\u00e1 a conocer los detalles de las nuevas restricciones en estos d\u00edas, el diario The Guardian adelant\u00f3 que las m\u00e1s duras regir\u00e1n en la capital Teher\u00e1n, epicentro de los contagios en el pa\u00eds, y en otros 100 pueblos y ciudades que ser\u00e1n etiquetados como \u00abzonas rojas\u00bb.<\/p>\n\n\n\n<p>El Ministerio de Salud report\u00f3 11.203 nuevos casos de coronavirus en las \u00faltimas 24 horas, una cifra cercana al r\u00e9cord establecido el mi\u00e9rcoles de 11.780 positivos.<\/p>\n\n\n\n<p>El balance acumulado de casos desde el inicio de la pandemia trep\u00f3 a los 749.525, mientras que el total de fallecidos lleg\u00f3 a 41.034 tras los 452 muertos informados en el \u00faltimo parte.<\/p>\n\n\n\n<p>Tambi\u00e9n en M\u00e9xico, el segundo pa\u00eds con m\u00e1s muertos por Covid-19 en Am\u00e9rica Latina, el Gobierno de la capital dispuso un conjunto de medidas para enfrentar un rebrote, que caus\u00f3 esta semana la cantidad de decesos m\u00e1s alta en los \u00faltimos seis meses, y no descart\u00f3 un regreso a la cuarentena estricta, inform\u00f3 la prensa local.<\/p>\n","protected":false},"excerpt":{"rendered":"<p>Este s\u00e1bado se volvi\u00f3 a registrar cifras r\u00e9cord de casos diarios en Estados Unidos y Europa, a la vez que numerosos pa\u00edses contemplan nuevas restricciones para frenar su avance.<\/p>\n","protected":false},"author":2,"featured_media":13256,"comment_status":"open","ping_status":"open","sticky":false,"template":"","format":"standard","meta":{"om_disable_all_campaigns":false,"_monsterinsights_skip_tracking":false,"_monsterinsights_sitenote_active":false,"_monsterinsights_sitenote_note":"","_monsterinsights_sitenote_category":0,"_uf_show_specific_survey":0,"_uf_disable_surveys":false,"jetpack_post_was_ever_published":false,"_jetpack_newsletter_access":"","_jetpack_dont_email_post_to_subs":false,"_jetpack_newsletter_tier_id":0,"_jetpack_memberships_contains_paywalled_content":false,"_jetpack_memberships_contains_paid_content":false,"footnotes":"","jetpack_publicize_message":"","jetpack_publicize_feature_enabled":true,"jetpack_social_post_already_shared":false,"jetpack_social_options":{"image_generator_settings":{"template":"highway","default_image_id":0,"font":"","enabled":false},"version":2}},"categories":[3],"tags":[],"class_list":["post-13255","post","type-post","status-publish","format-standard","has-post-thumbnail","hentry","category-salud"],"aioseo_notices":[],"views":2,"jetpack_publicize_connections":[],"jetpack_featured_media_url":"https:\/\/i0.wp.com\/elterritorialweb.com.ar\/web\/wp-content\/uploads\/2020\/11\/CORONAVIRUS-EN-EL-MUNDO.jpg?fit=555%2C370&ssl=1","jetpack_sharing_enabled":true,"_links":{"self":[{"href":"https:\/\/elterritorialweb.com.ar\/web\/wp-json\/wp\/v2\/posts\/13255","targetHints":{"allow":["GET"]}}],"collection":[{"href":"https:\/\/elterritorialweb.com.ar\/web\/wp-json\/wp\/v2\/posts"}],"about":[{"href":"https:\/\/elterritorialweb.com.ar\/web\/wp-json\/wp\/v2\/types\/post"}],"author":[{"embeddable":true,"href":"https:\/\/elterritorialweb.com.ar\/web\/wp-json\/wp\/v2\/users\/2"}],"replies":[{"embeddable":true,"href":"https:\/\/elterritorialweb.com.ar\/web\/wp-json\/wp\/v2\/comments?post=13255"}],"version-history":[{"count":2,"href":"https:\/\/elterritorialweb.com.ar\/web\/wp-json\/wp\/v2\/posts\/13255\/revisions"}],"predecessor-version":[{"id":13259,"href":"https:\/\/elterritorialweb.com.ar\/web\/wp-json\/wp\/v2\/posts\/13255\/revisions\/13259"}],"wp:featuredmedia":[{"embeddable":true,"href":"https:\/\/elterritorialweb.com.ar\/web\/wp-json\/wp\/v2\/media\/13256"}],"wp:attachment":[{"href":"https:\/\/elterritorialweb.com.ar\/web\/wp-json\/wp\/v2\/media?parent=13255"}],"wp:term":[{"taxonomy":"category","embeddable":true,"href":"https:\/\/elterritorialweb.com.ar\/web\/wp-json\/wp\/v2\/categories?post=13255"},{"taxonomy":"post_tag","embeddable":true,"href":"https:\/\/elterritorialweb.com.ar\/web\/wp-json\/wp\/v2\/tags?post=13255"}],"curies":[{"name":"wp","href":"https:\/\/api.w.org\/{rel}","templated":true}]}}