{"id":13416,"date":"2020-11-18T19:56:07","date_gmt":"2020-11-18T19:56:07","guid":{"rendered":"http:\/\/elterritorialweb.com.ar\/web\/?p=13416"},"modified":"2020-11-18T19:56:31","modified_gmt":"2020-11-18T19:56:31","slug":"el-presidente-lanzo-el-plan-de-reactivacion-e-inclusion-financiera-para-pymes","status":"publish","type":"post","link":"https:\/\/elterritorialweb.com.ar\/web\/el-presidente-lanzo-el-plan-de-reactivacion-e-inclusion-financiera-para-pymes\/","title":{"rendered":"EL PRESIDENTE LANZ\u00d3 EL PLAN DE REACTIVACI\u00d3N E INCLUSI\u00d3N FINANCIERA PARA PYMES"},"content":{"rendered":"\n<p>\u201cLas peque\u00f1as y medianas empresas son las que crean el trabajo en la Argentina y tenemos que promover que la producci\u00f3n crezca para que los argentinos lleven el sustento diario a su familia\u201d, asegur\u00f3 el Jefe de Estado desde la residencia de Olivos durante una videoconferencia que mantuvo con la empresa comercializadora de cintas aisladoras, TACSA, en el municipio bonaerense de Hurlingham.<\/p>\n\n\n\n<p>\u201cDebemos buscar la mejor manera de vigorizar ese desarrollo econ\u00f3mico en la Argentina\u201d, explic\u00f3 el mandatario y defini\u00f3: \u201cEn eso, el Estado debe estar muy presente porque vimos lo que pas\u00f3 cuando todo qued\u00f3 en manos de los mercados, lo que fue en detrimento del desarrollo de las peque\u00f1as y medianas empresas y solo favoreci\u00f3 la acumulaci\u00f3n de m\u00e1s ganancias por parte de los grandes monopolios y oligopolios\u201d.<\/p>\n\n\n\n<figure class=\"wp-block-image size-large\"><img data-recalc-dims=\"1\" decoding=\"async\" width=\"640\" height=\"360\" data-src=\"https:\/\/i0.wp.com\/elterritorialweb.com.ar\/web\/wp-content\/uploads\/2020\/11\/2020-11-18-3.png?resize=640%2C360\" alt=\"\" class=\"wp-image-13418 lazyload\" data-srcset=\"https:\/\/i0.wp.com\/elterritorialweb.com.ar\/web\/wp-content\/uploads\/2020\/11\/2020-11-18-3.png?w=975&amp;ssl=1 975w, https:\/\/i0.wp.com\/elterritorialweb.com.ar\/web\/wp-content\/uploads\/2020\/11\/2020-11-18-3.png?resize=300%2C169&amp;ssl=1 300w, https:\/\/i0.wp.com\/elterritorialweb.com.ar\/web\/wp-content\/uploads\/2020\/11\/2020-11-18-3.png?resize=768%2C432&amp;ssl=1 768w\" data-sizes=\"(max-width: 640px) 100vw, 640px\" src=\"data:image\/svg+xml;base64,PHN2ZyB3aWR0aD0iMSIgaGVpZ2h0PSIxIiB4bWxucz0iaHR0cDovL3d3dy53My5vcmcvMjAwMC9zdmciPjwvc3ZnPg==\" style=\"--smush-placeholder-width: 640px; --smush-placeholder-aspect-ratio: 640\/360;\" \/><\/figure>\n\n\n\n<p>Participaron del acto el ministro de Desarrollo Productivo, Mat\u00edas Kulfas; el intendente local, Juan Zabaleta; y el presidente de TACSA, Mat\u00edas Matiazzo; adem\u00e1s de un grupo de representantes de PyMEs que anunciaron inversiones por 250 millones de pesos en el pa\u00eds, que generar\u00e1n 300 puestos de trabajo. Asistieron tambi\u00e9n otros intendentes bonaerenses.<\/p>\n\n\n\n<p>Al exponer, el ministro Kulfas explic\u00f3 que el plan incluir\u00e1 cr\u00e9ditos directos a trav\u00e9s del Fondo de Desarrollo Productivo (FONDEP) y financiamiento de las bancas p\u00fablica y privada, y asegur\u00f3: \u201cQueremos reconocer este esfuerzo conjunto de la producci\u00f3n y el trabajo de todos los sectores para poner a la Argentina de pie\u201d. Adem\u00e1s, inform\u00f3 que todas las l\u00edneas contar\u00e1n con tasas subsidiadas de entre el 18 y el 25 por ciento.<\/p>\n\n\n\n<p>Por su parte, el intendente Zabaleta expres\u00f3: \u201cEn Hurlingham tenemos 400 pymes, de las cuales el 50 por ciento fueron asistidas\u201d durante la pandemia \u201cpor el ATP, con el que sostuvimos el trabajo de los argentinos\u201d.<\/p>\n\n\n\n<p>A su turno, el presidente de TACSA inform\u00f3 que la empresa pondr\u00e1 en marcha una nueva planta para la fabricaci\u00f3n de cemento de contacto y cola vin\u00edlica por 42 millones de pesos, sobre lo que asegur\u00f3: \u201cVamos a seguir en esta v\u00eda de crecimiento, apostando a la industria nacional, con las casi 100 familias que trabajan en la empresa, y apostando a que con trabajo se puede\u201d.<\/p>\n\n\n\n<figure class=\"wp-block-image size-large\"><img data-recalc-dims=\"1\" decoding=\"async\" width=\"640\" height=\"360\" data-src=\"https:\/\/i0.wp.com\/elterritorialweb.com.ar\/web\/wp-content\/uploads\/2020\/11\/2020-11-18-4.png?resize=640%2C360\" alt=\"\" class=\"wp-image-13419 lazyload\" data-srcset=\"https:\/\/i0.wp.com\/elterritorialweb.com.ar\/web\/wp-content\/uploads\/2020\/11\/2020-11-18-4.png?w=1007&amp;ssl=1 1007w, https:\/\/i0.wp.com\/elterritorialweb.com.ar\/web\/wp-content\/uploads\/2020\/11\/2020-11-18-4.png?resize=300%2C169&amp;ssl=1 300w, https:\/\/i0.wp.com\/elterritorialweb.com.ar\/web\/wp-content\/uploads\/2020\/11\/2020-11-18-4.png?resize=768%2C432&amp;ssl=1 768w\" data-sizes=\"(max-width: 640px) 100vw, 640px\" src=\"data:image\/svg+xml;base64,PHN2ZyB3aWR0aD0iMSIgaGVpZ2h0PSIxIiB4bWxucz0iaHR0cDovL3d3dy53My5vcmcvMjAwMC9zdmciPjwvc3ZnPg==\" style=\"--smush-placeholder-width: 640px; --smush-placeholder-aspect-ratio: 640\/360;\" \/><\/figure>\n\n\n\n<p>La primera l\u00ednea de inversi\u00f3n productiva e inclusi\u00f3n financiera no contar\u00e1 con intervenci\u00f3n bancaria, y otorgar\u00e1 cr\u00e9ditos del Ministerio de Desarrollo v\u00eda FONDEP para financiar proyectos que generen valor agregado en micro y peque\u00f1as empresas y cooperativas que no suelen ser sujetos de cr\u00e9dito.<\/p>\n\n\n\n<p>El financiamiento ser\u00e1 de un m\u00e1ximo de 15 millones de pesos por proyecto, y tendr\u00e1 un plazo de hasta siete a\u00f1os con una tasa del 18 por ciento. Dichos cr\u00e9ditos podr\u00e1n ser destinados para la adquisici\u00f3n de bienes de capital nuevos, construcci\u00f3n e instalaciones, y ser\u00e1n respaldados por fondos de garant\u00eda.<\/p>\n\n\n\n<p>La segunda l\u00ednea contar\u00e1 con cr\u00e9ditos de inversi\u00f3n productiva para peque\u00f1as y medianas empresas para el financiamiento de la adquisici\u00f3n de bienes de capital y construcci\u00f3n, o para la ampliaci\u00f3n de instalaciones, con hasta cinco a\u00f1os de plazo y seis meses de gracia. Las tasas estar\u00e1n bonificadas durante los primeros 24 meses.<\/p>\n\n\n\n<p>La financiaci\u00f3n cubrir\u00e1 hasta 70 millones de pesos por PyME, que contar\u00e1 con una tasa bonificada del 25 por ciento, a la que se podr\u00e1n sumar otros porcentajes como el 1 por ciento en caso de que se cuente con m\u00e1s del 50 por ciento de la composici\u00f3n accionaria en manos de mujeres.<\/p>\n\n\n\n<figure class=\"wp-block-image size-large\"><img data-recalc-dims=\"1\" decoding=\"async\" width=\"640\" height=\"360\" data-src=\"https:\/\/i0.wp.com\/elterritorialweb.com.ar\/web\/wp-content\/uploads\/2020\/11\/2020-11-18-2.png?resize=640%2C360\" alt=\"\" class=\"wp-image-13420 lazyload\" data-srcset=\"https:\/\/i0.wp.com\/elterritorialweb.com.ar\/web\/wp-content\/uploads\/2020\/11\/2020-11-18-2.png?w=1011&amp;ssl=1 1011w, https:\/\/i0.wp.com\/elterritorialweb.com.ar\/web\/wp-content\/uploads\/2020\/11\/2020-11-18-2.png?resize=300%2C169&amp;ssl=1 300w, https:\/\/i0.wp.com\/elterritorialweb.com.ar\/web\/wp-content\/uploads\/2020\/11\/2020-11-18-2.png?resize=768%2C431&amp;ssl=1 768w\" data-sizes=\"(max-width: 640px) 100vw, 640px\" src=\"data:image\/svg+xml;base64,PHN2ZyB3aWR0aD0iMSIgaGVpZ2h0PSIxIiB4bWxucz0iaHR0cDovL3d3dy53My5vcmcvMjAwMC9zdmciPjwvc3ZnPg==\" style=\"--smush-placeholder-width: 640px; --smush-placeholder-aspect-ratio: 640\/360;\" \/><\/figure>\n\n\n\n<p>En tanto, la l\u00ednea de inversi\u00f3n productiva para proyectos estrat\u00e9gicos estar\u00e1 destinada a MiPyMEs y grandes empresas, con un plazo de hasta siete a\u00f1os, para proyectos de ampliaci\u00f3n de la capacidad exportadora y que generen empleo. Se financiar\u00e1n hasta 250 millones por empresa, con una tasa del 22 por ciento y un per\u00edodo de gracia de hasta 12 meses.<\/p>\n\n\n\n<p>La \u00faltima l\u00ednea, de desarrollo federal, ser\u00e1 espec\u00edfica por provincia y tendr\u00e1 como objetivo facilitar la adquisici\u00f3n de bienes de capital nacional, construcci\u00f3n y ampliaci\u00f3n de instalaciones. Se destinar\u00e1n 400 millones de pesos en cada caso, con un monto m\u00e1ximo por proyecto de hasta 20 millones, que tendr\u00e1 un plazo de cinco a\u00f1os. Los cr\u00e9ditos ser\u00e1n llevados adelante por las entidades bancarias que defina cada gobierno provincial.<\/p>\n","protected":false},"excerpt":{"rendered":"<p>El presidente Alberto Fern\u00e1ndez encabez\u00f3 este mediod\u00eda el acto de lanzamiento del Plan de Reactivaci\u00f3n e Inclusi\u00f3n Financiera para PyMEs, por 57.500 millones de pesos, que contar\u00e1 con cuatro l\u00edneas de financiamiento destinadas a la inversi\u00f3n productiva de proyectos de mediano y largo plazo para los sectores industrial, agroindustrial y de servicios.<\/p>\n","protected":false},"author":2,"featured_media":13417,"comment_status":"open","ping_status":"open","sticky":false,"template":"","format":"standard","meta":{"om_disable_all_campaigns":false,"_monsterinsights_skip_tracking":false,"_monsterinsights_sitenote_active":false,"_monsterinsights_sitenote_note":"","_monsterinsights_sitenote_category":0,"_uf_show_specific_survey":0,"_uf_disable_surveys":false,"jetpack_post_was_ever_published":false,"_jetpack_newsletter_access":"","_jetpack_dont_email_post_to_subs":false,"_jetpack_newsletter_tier_id":0,"_jetpack_memberships_contains_paywalled_content":false,"_jetpack_memberships_contains_paid_content":false,"footnotes":"","jetpack_publicize_message":"","jetpack_publicize_feature_enabled":true,"jetpack_social_post_already_shared":false,"jetpack_social_options":{"image_generator_settings":{"template":"highway","default_image_id":0,"font":"","enabled":false},"version":2}},"categories":[18],"tags":[],"class_list":["post-13416","post","type-post","status-publish","format-standard","has-post-thumbnail","hentry","category-politica"],"aioseo_notices":[],"views":4,"jetpack_publicize_connections":[],"jetpack_featured_media_url":"https:\/\/i0.wp.com\/elterritorialweb.com.ar\/web\/wp-content\/uploads\/2020\/11\/FERNANDEZ-REACTIVACION-PYMES.jpg?fit=1940%2C1293&ssl=1","jetpack_sharing_enabled":true,"_links":{"self":[{"href":"https:\/\/elterritorialweb.com.ar\/web\/wp-json\/wp\/v2\/posts\/13416","targetHints":{"allow":["GET"]}}],"collection":[{"href":"https:\/\/elterritorialweb.com.ar\/web\/wp-json\/wp\/v2\/posts"}],"about":[{"href":"https:\/\/elterritorialweb.com.ar\/web\/wp-json\/wp\/v2\/types\/post"}],"author":[{"embeddable":true,"href":"https:\/\/elterritorialweb.com.ar\/web\/wp-json\/wp\/v2\/users\/2"}],"replies":[{"embeddable":true,"href":"https:\/\/elterritorialweb.com.ar\/web\/wp-json\/wp\/v2\/comments?post=13416"}],"version-history":[{"count":1,"href":"https:\/\/elterritorialweb.com.ar\/web\/wp-json\/wp\/v2\/posts\/13416\/revisions"}],"predecessor-version":[{"id":13421,"href":"https:\/\/elterritorialweb.com.ar\/web\/wp-json\/wp\/v2\/posts\/13416\/revisions\/13421"}],"wp:featuredmedia":[{"embeddable":true,"href":"https:\/\/elterritorialweb.com.ar\/web\/wp-json\/wp\/v2\/media\/13417"}],"wp:attachment":[{"href":"https:\/\/elterritorialweb.com.ar\/web\/wp-json\/wp\/v2\/media?parent=13416"}],"wp:term":[{"taxonomy":"category","embeddable":true,"href":"https:\/\/elterritorialweb.com.ar\/web\/wp-json\/wp\/v2\/categories?post=13416"},{"taxonomy":"post_tag","embeddable":true,"href":"https:\/\/elterritorialweb.com.ar\/web\/wp-json\/wp\/v2\/tags?post=13416"}],"curies":[{"name":"wp","href":"https:\/\/api.w.org\/{rel}","templated":true}]}}