{"id":13422,"date":"2020-11-18T20:12:38","date_gmt":"2020-11-18T20:12:38","guid":{"rendered":"http:\/\/elterritorialweb.com.ar\/web\/?p=13422"},"modified":"2020-11-18T20:12:40","modified_gmt":"2020-11-18T20:12:40","slug":"el-acueducto-dique-el-bolson-frias-se-incluyo-en-el-presupuesto-aprobado-por-el-congreso-de-la-nacion","status":"publish","type":"post","link":"https:\/\/elterritorialweb.com.ar\/web\/el-acueducto-dique-el-bolson-frias-se-incluyo-en-el-presupuesto-aprobado-por-el-congreso-de-la-nacion\/","title":{"rendered":"EL ACUEDUCTO DIQUE EL BOLS\u00d3N \u2013 FR\u00cdAS, SE INCLUY\u00d3 EN EL PRESUPUESTO APROBADO POR EL CONGRESO DE LA NACI\u00d3N"},"content":{"rendered":"\n<p>Esta obra de gran envergadura para la Regi\u00f3n Albigasta, tendr\u00e1 beneficios econ\u00f3micos importantes para la regi\u00f3n y en especial para localidades de los departamentos Choya y Guasay\u00e1n, en el sector sudoeste de la provincia de Santiago del Estero.<\/p>\n\n\n\n<p>Cabe recordar que  los convenios iniciados este a\u00f1o en la ciudad de Fr\u00edas, luego en Casa de Gobierno de la Ciudad de Santiago del Estero y la visita de un equipo t\u00e9cnico de profesionales de la UNSE quienes trabajaron en los proyectos correspondientes para el aprovechamiento de los recursos de este embalse, resaltando las gestiones realizadas por el Intendente Dr. Astor An\u00edbal Padula ante la provincia y del mismo Gobernador Dr. Gerardo Zamora ante las autoridades nacionales para consolidar este proyecto y poder hacerlo realidad.<\/p>\n\n\n\n<p>Sin dudas, adem\u00e1s de los beneficios en el aprovechamiento del agua del Dique El Bols\u00f3n (ubicado a 20 kil\u00f3metros, provincia de Catamarca) para el consumo humano, la construcci\u00f3n del acueducto demandar\u00e1 en su construcci\u00f3n una importante mano de obra para vecinos de la regi\u00f3n.<\/p>\n","protected":false},"excerpt":{"rendered":"<p>La C\u00e1mara de Diputados de la Naci\u00f3n convirti\u00f3 en ley el Presupuesto 2021 en el cual, entre las numerosas obras de infraestructura para la provincia de Santiago del Estero, est\u00e1 contemplado el ACUEDUCTO DIQUE EL BOLS\u00d3N \u2013FR\u00cdAS.<\/p>\n","protected":false},"author":2,"featured_media":12916,"comment_status":"open","ping_status":"open","sticky":false,"template":"","format":"standard","meta":{"om_disable_all_campaigns":false,"_monsterinsights_skip_tracking":false,"_monsterinsights_sitenote_active":false,"_monsterinsights_sitenote_note":"","_monsterinsights_sitenote_category":0,"_uf_show_specific_survey":0,"_uf_disable_surveys":false,"jetpack_post_was_ever_published":false,"_jetpack_newsletter_access":"","_jetpack_dont_email_post_to_subs":false,"_jetpack_newsletter_tier_id":0,"_jetpack_memberships_contains_paywalled_content":false,"_jetpack_memberships_contains_paid_content":false,"footnotes":"","jetpack_publicize_message":"","jetpack_publicize_feature_enabled":true,"jetpack_social_post_already_shared":false,"jetpack_social_options":{"image_generator_settings":{"template":"highway","default_image_id":0,"font":"","enabled":false},"version":2}},"categories":[18],"tags":[],"class_list":["post-13422","post","type-post","status-publish","format-standard","has-post-thumbnail","hentry","category-politica"],"aioseo_notices":[],"views":8,"jetpack_publicize_connections":[],"jetpack_featured_media_url":"https:\/\/i0.wp.com\/elterritorialweb.com.ar\/web\/wp-content\/uploads\/2020\/11\/PADULA-BOLSON-FRIAS-7.jpg?fit=960%2C720&ssl=1","jetpack_sharing_enabled":true,"_links":{"self":[{"href":"https:\/\/elterritorialweb.com.ar\/web\/wp-json\/wp\/v2\/posts\/13422","targetHints":{"allow":["GET"]}}],"collection":[{"href":"https:\/\/elterritorialweb.com.ar\/web\/wp-json\/wp\/v2\/posts"}],"about":[{"href":"https:\/\/elterritorialweb.com.ar\/web\/wp-json\/wp\/v2\/types\/post"}],"author":[{"embeddable":true,"href":"https:\/\/elterritorialweb.com.ar\/web\/wp-json\/wp\/v2\/users\/2"}],"replies":[{"embeddable":true,"href":"https:\/\/elterritorialweb.com.ar\/web\/wp-json\/wp\/v2\/comments?post=13422"}],"version-history":[{"count":1,"href":"https:\/\/elterritorialweb.com.ar\/web\/wp-json\/wp\/v2\/posts\/13422\/revisions"}],"predecessor-version":[{"id":13423,"href":"https:\/\/elterritorialweb.com.ar\/web\/wp-json\/wp\/v2\/posts\/13422\/revisions\/13423"}],"wp:featuredmedia":[{"embeddable":true,"href":"https:\/\/elterritorialweb.com.ar\/web\/wp-json\/wp\/v2\/media\/12916"}],"wp:attachment":[{"href":"https:\/\/elterritorialweb.com.ar\/web\/wp-json\/wp\/v2\/media?parent=13422"}],"wp:term":[{"taxonomy":"category","embeddable":true,"href":"https:\/\/elterritorialweb.com.ar\/web\/wp-json\/wp\/v2\/categories?post=13422"},{"taxonomy":"post_tag","embeddable":true,"href":"https:\/\/elterritorialweb.com.ar\/web\/wp-json\/wp\/v2\/tags?post=13422"}],"curies":[{"name":"wp","href":"https:\/\/api.w.org\/{rel}","templated":true}]}}