{"id":13424,"date":"2020-11-18T20:43:06","date_gmt":"2020-11-18T20:43:06","guid":{"rendered":"http:\/\/elterritorialweb.com.ar\/web\/?p=13424"},"modified":"2020-11-18T20:43:07","modified_gmt":"2020-11-18T20:43:07","slug":"trotta-tenemos-que-fortalecer-la-escuela-tecnica-vinculandola-con-el-mundo-del-trabajo","status":"publish","type":"post","link":"https:\/\/elterritorialweb.com.ar\/web\/trotta-tenemos-que-fortalecer-la-escuela-tecnica-vinculandola-con-el-mundo-del-trabajo\/","title":{"rendered":"TROTTA: \u00abTENEMOS QUE FORTALECER LA ESCUELA T\u00c9CNICA VINCUL\u00c1NDOLA CON EL MUNDO DEL TRABAJO\u00bb"},"content":{"rendered":"\n<p>El ministro de Educaci\u00f3n de la Naci\u00f3n, Nicol\u00e1s Trotta, realiz\u00f3 la entrega de 2563 netbooks en el distrito de Florencio Varela destinadas a alumnas y alumnos de 1\u00ba a\u00f1o del ciclo orientado del nivel secundario. El evento se llev\u00f3 a cabo en la Escuela de Educaci\u00f3n T\u00e9cnica N\u00ba3 de la localidad de Ingeniero Allan, y cont\u00f3 con la presencia del intendente municipal, Andr\u00e9s Watson y autoridades locales.<\/p>\n\n\n\n<p>Al comenzar el acto, el titular de la cartera educativa expres\u00f3:&nbsp;<em>\u201cQuiero felicitar a las y los estudiantes y docentes por todas las iniciativas que pudimos ver en esta escuela, y agradezco que este acto se realice en una instituci\u00f3n de educaci\u00f3n t\u00e9cnica, porque aqu\u00ed est\u00e1 el futuro de la Argentina y es donde tenemos que poner la mayor energ\u00eda en la vinculaci\u00f3n del mundo del trabajo con nuestro sistema educativo\u201d<\/em>, y explic\u00f3:&nbsp;<em>\u201cPara nosotros es central la recuperaci\u00f3n de la educaci\u00f3n t\u00e9cnica. Cuando asumimos se invert\u00eda menos de la mitad de lo que marcaba la Ley, y cuando uno invierte poco los resultados no van a ser los que esperamos, por eso para el 2021 vamos a duplicar la inversi\u00f3n y eso es un primer paso, nos faltan escuelas, mejorar el equipamiento, pero ese es el horizonte que tenemos que trabajar entre todos y todas\u201d<\/em>.<\/p>\n\n\n\n<figure class=\"wp-block-image size-large\"><img data-recalc-dims=\"1\" decoding=\"async\" width=\"640\" height=\"426\" data-src=\"https:\/\/i0.wp.com\/elterritorialweb.com.ar\/web\/wp-content\/uploads\/2020\/11\/TROTTA-1.jpg?resize=640%2C426\" alt=\"\" class=\"wp-image-13426 lazyload\" data-srcset=\"https:\/\/i0.wp.com\/elterritorialweb.com.ar\/web\/wp-content\/uploads\/2020\/11\/TROTTA-1.jpg?resize=1024%2C682&amp;ssl=1 1024w, https:\/\/i0.wp.com\/elterritorialweb.com.ar\/web\/wp-content\/uploads\/2020\/11\/TROTTA-1.jpg?resize=300%2C200&amp;ssl=1 300w, https:\/\/i0.wp.com\/elterritorialweb.com.ar\/web\/wp-content\/uploads\/2020\/11\/TROTTA-1.jpg?resize=768%2C512&amp;ssl=1 768w, https:\/\/i0.wp.com\/elterritorialweb.com.ar\/web\/wp-content\/uploads\/2020\/11\/TROTTA-1.jpg?resize=675%2C450&amp;ssl=1 675w, https:\/\/i0.wp.com\/elterritorialweb.com.ar\/web\/wp-content\/uploads\/2020\/11\/TROTTA-1.jpg?w=1280&amp;ssl=1 1280w\" data-sizes=\"(max-width: 640px) 100vw, 640px\" src=\"data:image\/svg+xml;base64,PHN2ZyB3aWR0aD0iMSIgaGVpZ2h0PSIxIiB4bWxucz0iaHR0cDovL3d3dy53My5vcmcvMjAwMC9zdmciPjwvc3ZnPg==\" style=\"--smush-placeholder-width: 640px; --smush-placeholder-aspect-ratio: 640\/426;\" \/><\/figure>\n\n\n\n<p>Trotta resalt\u00f3 el compromiso de maestros y profesores en la tarea de seguir educando y manifest\u00f3:\u00a0<em>\u201cVemos que algunas personas est\u00e1n cuestionando a nuestros docentes y quiero decirles que nosotros cuestionamos a quien le da la espalda a la escuela, y alguien le da la espalda a la escuela cuando la desfinancia. Sin inversi\u00f3n prioritaria, sin di\u00e1logo, sin consenso la escuela no va a tener la capacidad de dar la respuesta que una sociedad muy golpeada necesita; no solo por la pandemia sino por los \u00faltimos a\u00f1os que han sido muy dif\u00edciles en t\u00e9rminos de indicadores objetivos. Entonces, para esa respuesta tenemos que trabajar todos juntos sin prejuicios, con di\u00e1logo, siendo claros y priorizando cada una de las decisiones en el campo educativo\u201d<\/em>.<\/p>\n\n\n\n<p>Por su parte, Watson dijo:&nbsp;<em>\u201cLa llegada de las netbooks a los chicos y chicas representa el acceso a una herramienta para sostener su vinculaci\u00f3n con el sistema educativo\u201d<\/em>, y destac\u00f3&nbsp;<em>\u201cel compromiso docente\u201d<\/em>&nbsp;para sostener la continuidad pedag\u00f3gica a pesar de la compleja situaci\u00f3n sanitaria&nbsp;<em>\u201cadapt\u00e1ndose a una nueva realidad donde debimos reemplazar las clases presenciales por la cursada online\u201d<\/em>.<\/p>\n\n\n\n<p>El ministro Trotta realiz\u00f3 un recorrido por las instalaciones de la EEST N\u00ba 3 y conoci\u00f3 diversos proyectos dise\u00f1ados por las alumnas y alumnos del establecimiento. Visit\u00f3 una una cabina sanitizante que cuenta con un display con alcohol en gel desarrollada por las y los estudiantes de la Orientaci\u00f3n en Qu\u00edmica. Adem\u00e1s, un atril con luz creado por las y los estudiantes del Ciclo B\u00e1sico para la Orquesta Escuela de Ingeniero Allan; y por \u00faltimo, particip\u00f3 de la proyecci\u00f3n del proyecto de un Jard\u00edn Municipal, realizado por las alumnas y los alumnos de 7\u00ba a\u00f1o con Orientaci\u00f3n en Maestro Mayor de Obras.<\/p>\n\n\n\n<figure class=\"wp-block-image size-large\"><img data-recalc-dims=\"1\" decoding=\"async\" width=\"640\" height=\"427\" data-src=\"https:\/\/i0.wp.com\/elterritorialweb.com.ar\/web\/wp-content\/uploads\/2020\/11\/TROTTA-2.jpg?resize=640%2C427\" alt=\"\" class=\"wp-image-13427 lazyload\" data-srcset=\"https:\/\/i0.wp.com\/elterritorialweb.com.ar\/web\/wp-content\/uploads\/2020\/11\/TROTTA-2.jpg?resize=1024%2C683&amp;ssl=1 1024w, https:\/\/i0.wp.com\/elterritorialweb.com.ar\/web\/wp-content\/uploads\/2020\/11\/TROTTA-2.jpg?resize=300%2C200&amp;ssl=1 300w, https:\/\/i0.wp.com\/elterritorialweb.com.ar\/web\/wp-content\/uploads\/2020\/11\/TROTTA-2.jpg?resize=768%2C512&amp;ssl=1 768w, https:\/\/i0.wp.com\/elterritorialweb.com.ar\/web\/wp-content\/uploads\/2020\/11\/TROTTA-2.jpg?resize=675%2C450&amp;ssl=1 675w, https:\/\/i0.wp.com\/elterritorialweb.com.ar\/web\/wp-content\/uploads\/2020\/11\/TROTTA-2.jpg?w=1280&amp;ssl=1 1280w\" data-sizes=\"(max-width: 640px) 100vw, 640px\" src=\"data:image\/svg+xml;base64,PHN2ZyB3aWR0aD0iMSIgaGVpZ2h0PSIxIiB4bWxucz0iaHR0cDovL3d3dy53My5vcmcvMjAwMC9zdmciPjwvc3ZnPg==\" style=\"--smush-placeholder-width: 640px; --smush-placeholder-aspect-ratio: 640\/427;\" \/><\/figure>\n\n\n\n<p>Esta nueva entrega de computadoras se inscribe en el Plan Federal \u201cJuana Manso\u201d y el programa \u201cSeguimos educando\u201d, herramientas creadas por el Estado nacional para disminuir la brecha digital y sostener la continuidad pedag\u00f3gica durante la pandemia por COVID-19 y trascenderla.<\/p>\n\n\n\n<p>Las netbooks est\u00e1n siendo distribuidas en los distritos de: Almirante Brown, Avellaneda, Berazategui, Berisso, Ensenada, Escobar, Esteban Echeverr\u00eda, Ezeiza, Florencio Varela, Hurlingham, Ituzaing\u00f3, Jos\u00e9 C. Paz, La Matanza, La Plata, Lan\u00fas, Lomas de Zamora, La Matanza, Malvinas Argentinas, Marcos Paz, Merlo, Moreno, Mor\u00f3n, Pilar, Presidente Per\u00f3n, Quilmes, San Fernando, San Isidro, San Mart\u00edn, San Miguel, San Vicente, Tigre, Tres de Febrero, Vicente L\u00f3pez y General Rodr\u00edguez; y en las diez provincias del Norte Grande: Catamarca, Chaco, Corrientes, Formosa, Jujuy, La Rioja, Misiones, Salta, Santiago del Estero y Tucum\u00e1n.<\/p>\n","protected":false},"excerpt":{"rendered":"<p>El titular de la cartera educativa efectu\u00f3 una nueva entrega de netbooks y visit\u00f3 una escuela t\u00e9cnica donde conoci\u00f3 distintas iniciativas realizadas por las y los estudiantes.<\/p>\n","protected":false},"author":2,"featured_media":13425,"comment_status":"open","ping_status":"open","sticky":false,"template":"","format":"standard","meta":{"om_disable_all_campaigns":false,"_monsterinsights_skip_tracking":false,"_monsterinsights_sitenote_active":false,"_monsterinsights_sitenote_note":"","_monsterinsights_sitenote_category":0,"_uf_show_specific_survey":0,"_uf_disable_surveys":false,"jetpack_post_was_ever_published":false,"_jetpack_newsletter_access":"","_jetpack_dont_email_post_to_subs":false,"_jetpack_newsletter_tier_id":0,"_jetpack_memberships_contains_paywalled_content":false,"_jetpack_memberships_contains_paid_content":false,"footnotes":"","jetpack_publicize_message":"","jetpack_publicize_feature_enabled":true,"jetpack_social_post_already_shared":false,"jetpack_social_options":{"image_generator_settings":{"template":"highway","default_image_id":0,"font":"","enabled":false},"version":2}},"categories":[19],"tags":[],"class_list":["post-13424","post","type-post","status-publish","format-standard","has-post-thumbnail","hentry","category-educacion"],"aioseo_notices":[],"views":4,"jetpack_publicize_connections":[],"jetpack_featured_media_url":"https:\/\/i0.wp.com\/elterritorialweb.com.ar\/web\/wp-content\/uploads\/2020\/11\/TROTTA.jpg?fit=1280%2C853&ssl=1","jetpack_sharing_enabled":true,"_links":{"self":[{"href":"https:\/\/elterritorialweb.com.ar\/web\/wp-json\/wp\/v2\/posts\/13424","targetHints":{"allow":["GET"]}}],"collection":[{"href":"https:\/\/elterritorialweb.com.ar\/web\/wp-json\/wp\/v2\/posts"}],"about":[{"href":"https:\/\/elterritorialweb.com.ar\/web\/wp-json\/wp\/v2\/types\/post"}],"author":[{"embeddable":true,"href":"https:\/\/elterritorialweb.com.ar\/web\/wp-json\/wp\/v2\/users\/2"}],"replies":[{"embeddable":true,"href":"https:\/\/elterritorialweb.com.ar\/web\/wp-json\/wp\/v2\/comments?post=13424"}],"version-history":[{"count":1,"href":"https:\/\/elterritorialweb.com.ar\/web\/wp-json\/wp\/v2\/posts\/13424\/revisions"}],"predecessor-version":[{"id":13428,"href":"https:\/\/elterritorialweb.com.ar\/web\/wp-json\/wp\/v2\/posts\/13424\/revisions\/13428"}],"wp:featuredmedia":[{"embeddable":true,"href":"https:\/\/elterritorialweb.com.ar\/web\/wp-json\/wp\/v2\/media\/13425"}],"wp:attachment":[{"href":"https:\/\/elterritorialweb.com.ar\/web\/wp-json\/wp\/v2\/media?parent=13424"}],"wp:term":[{"taxonomy":"category","embeddable":true,"href":"https:\/\/elterritorialweb.com.ar\/web\/wp-json\/wp\/v2\/categories?post=13424"},{"taxonomy":"post_tag","embeddable":true,"href":"https:\/\/elterritorialweb.com.ar\/web\/wp-json\/wp\/v2\/tags?post=13424"}],"curies":[{"name":"wp","href":"https:\/\/api.w.org\/{rel}","templated":true}]}}