{"id":13439,"date":"2020-11-19T02:27:07","date_gmt":"2020-11-19T02:27:07","guid":{"rendered":"http:\/\/elterritorialweb.com.ar\/web\/?p=13439"},"modified":"2020-11-19T02:27:08","modified_gmt":"2020-11-19T02:27:08","slug":"continuan-los-operativos-de-vacunacion-para-ninos-ninas-y-adolescentes-en-edad-escolar","status":"publish","type":"post","link":"https:\/\/elterritorialweb.com.ar\/web\/continuan-los-operativos-de-vacunacion-para-ninos-ninas-y-adolescentes-en-edad-escolar\/","title":{"rendered":"CONTIN\u00daAN LOS OPERATIVOS DE VACUNACI\u00d3N PARA NI\u00d1OS, NI\u00d1AS Y ADOLESCENTES EN EDAD ESCOLAR"},"content":{"rendered":"\n<p>Quienes acudan a recibir la vacunaci\u00f3n deber\u00e1n acercarse con carnet de vacuna del ni\u00f1o o ni\u00f1a y DNI. Adem\u00e1s se solicita asistir con barbijo<br>colocado de manera correcta, mantener el distanciamiento social y<br>realizar las medidas de higiene.<br>Esta campa\u00f1a es un trabajo articulado entre vacunadores y vacunadoras<br>del Programa de Inmunizaciones junto a equipos de salud de las UPAS y<br>est\u00e1 coordinada con la participaci\u00f3n de organizaciones barriales. Tiene el<br>objetivo de brindarle la posibilidad de completar el calendario de<br>vacunaci\u00f3n a todos los ni\u00f1os y ni\u00f1as de 5 a 6 a\u00f1os, que por la situaci\u00f3n de<br>emergencia sanitaria a\u00fan no han obtenido la vacuna correspondiente.<br>El cronograma<br>20\/11\/20 Aconcagua 556 E\/ Guido Spano y La Madrid B\u00b0 Bajo de V\u00e9rtiz, La<br>Banda. De 8.30 a 11.00 hs<br>20\/11\/20\u00a0 4 plazas del Barrio Siglo XX, Capital. De 9.00 a 12.00 hs<br>21\/11\/20 Cancha \u00abLos Telef\u00f3nicos\u00bb-\u00a0 Luis Vernet y Misericordia, Capital.<br>De 08.30 A 15.00 hs<br>27\/11\/20 Barrio Rio Dulce, La Banda. De 08.30 A 15.00 hs<br>28\/11\/20 Barrio Alte. Brown, Capital. De 08.30 A 15.00 hs<br>04\/12\/20 Club Coronel Borges.\u00a0 Av. Belgrano Norte N\u00b0 2038 B\u00b0 Huaico<br>Hondo, Capital. De 08.30 A 15.00 hs<br>05\/12\/20 \u00abPredio del Gauchito Gil\u00bb Ruta 9 km Zanjon, Capital. De 08.30 A<br>15.00 hs<br>11\/12\/20 Barrio Dorrego, La Banda. De 08.30 A 15.00 hs<br>12\/12\/20 Los Cardozos. De 08.30 A 15.00<br>18\/12\/20 Club San Isidro Barrio Central Argentina, La Banda. De 08.30 A<br>15.00 hs<br>19\/12\/20 Casa Familia Gallardo &#8211; San Pedro, \u00a0Capital. De 08.30 A 15.00 hs<\/p>\n","protected":false},"excerpt":{"rendered":"<p>El Ministerio de Salud de la Provincia, a trav\u00e9s del Programa Provincial de Inmunizaciones y la Direcci\u00f3n de Atenci\u00f3n Primaria de la Salud, est\u00e1 llevando adelante jornadas en distintos puntos de Capital y Banda implementando la Campa\u00f1a de Vacunaci\u00f3n destinada a los ni\u00f1os y ni\u00f1as en edad escolar.<\/p>\n","protected":false},"author":2,"featured_media":12740,"comment_status":"open","ping_status":"open","sticky":false,"template":"","format":"standard","meta":{"om_disable_all_campaigns":false,"_monsterinsights_skip_tracking":false,"_monsterinsights_sitenote_active":false,"_monsterinsights_sitenote_note":"","_monsterinsights_sitenote_category":0,"_uf_show_specific_survey":0,"_uf_disable_surveys":false,"jetpack_post_was_ever_published":false,"_jetpack_newsletter_access":"","_jetpack_dont_email_post_to_subs":false,"_jetpack_newsletter_tier_id":0,"_jetpack_memberships_contains_paywalled_content":false,"_jetpack_memberships_contains_paid_content":false,"footnotes":"","jetpack_publicize_message":"","jetpack_publicize_feature_enabled":true,"jetpack_social_post_already_shared":false,"jetpack_social_options":{"image_generator_settings":{"template":"highway","default_image_id":0,"font":"","enabled":false},"version":2}},"categories":[1],"tags":[],"class_list":["post-13439","post","type-post","status-publish","format-standard","has-post-thumbnail","hentry","category-sin-categoria"],"aioseo_notices":[],"views":4,"jetpack_publicize_connections":[],"jetpack_featured_media_url":"https:\/\/i0.wp.com\/elterritorialweb.com.ar\/web\/wp-content\/uploads\/2020\/11\/VACUNACION-ENLA-ESCUELA.jpg?fit=680%2C454&ssl=1","jetpack_sharing_enabled":true,"_links":{"self":[{"href":"https:\/\/elterritorialweb.com.ar\/web\/wp-json\/wp\/v2\/posts\/13439","targetHints":{"allow":["GET"]}}],"collection":[{"href":"https:\/\/elterritorialweb.com.ar\/web\/wp-json\/wp\/v2\/posts"}],"about":[{"href":"https:\/\/elterritorialweb.com.ar\/web\/wp-json\/wp\/v2\/types\/post"}],"author":[{"embeddable":true,"href":"https:\/\/elterritorialweb.com.ar\/web\/wp-json\/wp\/v2\/users\/2"}],"replies":[{"embeddable":true,"href":"https:\/\/elterritorialweb.com.ar\/web\/wp-json\/wp\/v2\/comments?post=13439"}],"version-history":[{"count":1,"href":"https:\/\/elterritorialweb.com.ar\/web\/wp-json\/wp\/v2\/posts\/13439\/revisions"}],"predecessor-version":[{"id":13440,"href":"https:\/\/elterritorialweb.com.ar\/web\/wp-json\/wp\/v2\/posts\/13439\/revisions\/13440"}],"wp:featuredmedia":[{"embeddable":true,"href":"https:\/\/elterritorialweb.com.ar\/web\/wp-json\/wp\/v2\/media\/12740"}],"wp:attachment":[{"href":"https:\/\/elterritorialweb.com.ar\/web\/wp-json\/wp\/v2\/media?parent=13439"}],"wp:term":[{"taxonomy":"category","embeddable":true,"href":"https:\/\/elterritorialweb.com.ar\/web\/wp-json\/wp\/v2\/categories?post=13439"},{"taxonomy":"post_tag","embeddable":true,"href":"https:\/\/elterritorialweb.com.ar\/web\/wp-json\/wp\/v2\/tags?post=13439"}],"curies":[{"name":"wp","href":"https:\/\/api.w.org\/{rel}","templated":true}]}}