{"id":13441,"date":"2020-11-19T02:30:52","date_gmt":"2020-11-19T02:30:52","guid":{"rendered":"http:\/\/elterritorialweb.com.ar\/web\/?p=13441"},"modified":"2020-11-19T03:15:59","modified_gmt":"2020-11-19T03:15:59","slug":"la-casa-de-gobierno-iluminada-en-adhesion-al-dia-mundial-del-prematuro","status":"publish","type":"post","link":"https:\/\/elterritorialweb.com.ar\/web\/la-casa-de-gobierno-iluminada-en-adhesion-al-dia-mundial-del-prematuro\/","title":{"rendered":"LA CASA DE GOBIERNO ILUMINADA EN ADHESI\u00d3N AL \u00abD\u00cdA MUNDIAL DEL PREMATURO\u00bb"},"content":{"rendered":"\n<p>La casa de Gobierno se encuentra iluminada en adhesi\u00f3n al D\u00eda Mundial del Prematuro que se celebra cada 17 de noviembre, como una iniciativa que promueve la OMS todos los a\u00f1os. Sin embargo, desde hace 10 a\u00f1os que, a nivel mundial, los 16 de noviembre se da inicio a la Semana del Prematuro, tiempo en que se intenta crear conciencia sobre los derechos de los ni\u00f1os y<br>ni\u00f1as que nacen antes de las 37 semanas de edad gestacional. En esta oportunidad la Semana del Prematuro finalizar\u00e1 el viernes 20 del corriente mes.<\/p>\n","protected":false},"excerpt":{"rendered":"<p>La casa de Gobierno se encuentra iluminada en adhesi\u00f3n al D\u00eda Mundial del Prematuro que&#8230;<\/p>\n","protected":false},"author":2,"featured_media":13442,"comment_status":"open","ping_status":"open","sticky":false,"template":"","format":"standard","meta":{"om_disable_all_campaigns":false,"_monsterinsights_skip_tracking":false,"_monsterinsights_sitenote_active":false,"_monsterinsights_sitenote_note":"","_monsterinsights_sitenote_category":0,"_uf_show_specific_survey":0,"_uf_disable_surveys":false,"jetpack_post_was_ever_published":false,"_jetpack_newsletter_access":"","_jetpack_dont_email_post_to_subs":false,"_jetpack_newsletter_tier_id":0,"_jetpack_memberships_contains_paywalled_content":false,"_jetpack_memberships_contains_paid_content":false,"footnotes":"","jetpack_publicize_message":"","jetpack_publicize_feature_enabled":true,"jetpack_social_post_already_shared":false,"jetpack_social_options":{"image_generator_settings":{"template":"highway","default_image_id":0,"font":"","enabled":false},"version":2}},"categories":[21],"tags":[],"class_list":["post-13441","post","type-post","status-publish","format-standard","has-post-thumbnail","hentry","category-locales"],"aioseo_notices":[],"views":8,"jetpack_publicize_connections":[],"jetpack_featured_media_url":"https:\/\/i0.wp.com\/elterritorialweb.com.ar\/web\/wp-content\/uploads\/2020\/11\/iluminada-.jpg?fit=1116%2C853&ssl=1","jetpack_sharing_enabled":true,"_links":{"self":[{"href":"https:\/\/elterritorialweb.com.ar\/web\/wp-json\/wp\/v2\/posts\/13441","targetHints":{"allow":["GET"]}}],"collection":[{"href":"https:\/\/elterritorialweb.com.ar\/web\/wp-json\/wp\/v2\/posts"}],"about":[{"href":"https:\/\/elterritorialweb.com.ar\/web\/wp-json\/wp\/v2\/types\/post"}],"author":[{"embeddable":true,"href":"https:\/\/elterritorialweb.com.ar\/web\/wp-json\/wp\/v2\/users\/2"}],"replies":[{"embeddable":true,"href":"https:\/\/elterritorialweb.com.ar\/web\/wp-json\/wp\/v2\/comments?post=13441"}],"version-history":[{"count":1,"href":"https:\/\/elterritorialweb.com.ar\/web\/wp-json\/wp\/v2\/posts\/13441\/revisions"}],"predecessor-version":[{"id":13443,"href":"https:\/\/elterritorialweb.com.ar\/web\/wp-json\/wp\/v2\/posts\/13441\/revisions\/13443"}],"wp:featuredmedia":[{"embeddable":true,"href":"https:\/\/elterritorialweb.com.ar\/web\/wp-json\/wp\/v2\/media\/13442"}],"wp:attachment":[{"href":"https:\/\/elterritorialweb.com.ar\/web\/wp-json\/wp\/v2\/media?parent=13441"}],"wp:term":[{"taxonomy":"category","embeddable":true,"href":"https:\/\/elterritorialweb.com.ar\/web\/wp-json\/wp\/v2\/categories?post=13441"},{"taxonomy":"post_tag","embeddable":true,"href":"https:\/\/elterritorialweb.com.ar\/web\/wp-json\/wp\/v2\/tags?post=13441"}],"curies":[{"name":"wp","href":"https:\/\/api.w.org\/{rel}","templated":true}]}}