{"id":13444,"date":"2020-11-19T02:41:12","date_gmt":"2020-11-19T02:41:12","guid":{"rendered":"http:\/\/elterritorialweb.com.ar\/web\/?p=13444"},"modified":"2020-11-19T04:04:29","modified_gmt":"2020-11-19T04:04:29","slug":"cisb-seguimiento-del-bebe-prematuro-en-contexto-de-pandemia","status":"publish","type":"post","link":"https:\/\/elterritorialweb.com.ar\/web\/cisb-seguimiento-del-bebe-prematuro-en-contexto-de-pandemia\/","title":{"rendered":"CISB: SEGUIMIENTO DEL BEBE PREMATURO EN CONTEXTO DE PANDEMIA"},"content":{"rendered":"\n<p>Especialistas en neurodesarrollo, fonoaudiolog\u00eda, terapia ocupacional, oftalmolog\u00eda, traumatolog\u00eda, enfermer\u00eda y asistentes sociales forman parte del equipo, que son fundamentales para la futura calidad de vida del ni\u00f1o o ni\u00f1a prematuros.<\/p>\n\n\n\n<p>En la Semana del Prematuro, la Dra. Maira Mansilla, pediatra del servicio de neonatolog\u00eda del CIS Banda y encargada del consultorio de seguimiento de reci\u00e9n nacidos de alto riesgo, explic\u00f3 que estos bebes necesitan un seguimiento especial porque \u201ctienen m\u00e1s probabilidad de enfermar o padecer alg\u00fan da\u00f1o durante su larga vida, a diferencia de un reci\u00e9n nacido a t\u00e9rmino\u201d. \u201cEl equipo tiene la meta de velar por un ni\u00f1o sano y asegurar,<br>ayudar y cuidar, sobre todo a la poblaci\u00f3n de mayor vulnerabilidad\u201d<br>agreg\u00f3<\/p>\n\n\n\n<p>Debido a las diferentes situaciones que se presentan por la pandemia por<br>COVID-19, el Centro Integral de Salud tuvo que reorganizarse para no descuidar la calidad en la atenci\u00f3n. La Doctora coment\u00f3 que \u201ceste contexto, donde se vio dificultada la accesibilidad al consultorio, sobre todo a la poblaci\u00f3n de zonas rurales muy alejadas, en el CIS Banda pensamos estrategias interdisciplinares e interinstitucionales, en el marco de sus derechos, para acompa\u00f1ar y sostener a las familias de alta vulnerabilidad\u201d.&nbsp;&nbsp;<\/p>\n\n\n\n<p>En este sentido, la doctora asegur\u00f3 que la presencia de la madre del bebe internado en la neonatolog\u00eda del Hospital es muy importante para el tratamiento y la recuperaci\u00f3n del mismo. \u201cSi bien contamos con una residencia de madres, al estar fuera del hospital, es un riesgo para la infecci\u00f3n y la propagaci\u00f3n del COVID-19; por ello, los directivos autorizaron una habitaci\u00f3n dentro del hospital para ser usadas por las madres y poder estar las 24 horas cerca de su hijo o hija\u201d aclar\u00f3.<\/p>\n\n\n\n<p>Asimismo, los ni\u00f1os luego de la internaci\u00f3n, necesitan ser atendidos en<br>sesiones de kinesioterapia neurol\u00f3gica, que se dificulta el acceso a las<br>mismas por el contexto de pandemia. Por ello actualmente se trabaja en<br>red con grupos especiales en diferentes localidades de la provincia. <\/p>\n\n\n\n<p>La Dra. Mansilla expres\u00f3 el trabajo que se realiza en A\u00f1atuya, Colonia Dora, Departamento Avellaneda, Pampa de los Guanacos, Herrera, Sumampa y<br>tambi\u00e9n con escuelas especiales de Fern\u00e1ndez, de Pozo Hondo, de Clodomira, de Campo Gallo y de Quimil\u00ed.<\/p>\n\n\n\n<p>Para finalizar, la doctora coment\u00f3 que \u201cla meta de este consultorio es una<br>cobertura del 100% de los pacientes, y lo vamos a lograr si continuamos<br>trabajando de esta forma\u201d.<\/p>\n","protected":false},"excerpt":{"rendered":"<p>El Centro Integral de Salud La Banda cuenta con consultorios de seguimiento de reci\u00e9n nacidos de alto riesgo y de mediano y bajo riesgo, que se encargan de realizar los controles y acompa\u00f1amientos a beb\u00e9s prematuros y sus respectivas familias. <\/p>\n","protected":false},"author":2,"featured_media":13460,"comment_status":"open","ping_status":"open","sticky":false,"template":"","format":"standard","meta":{"om_disable_all_campaigns":false,"_monsterinsights_skip_tracking":false,"_monsterinsights_sitenote_active":false,"_monsterinsights_sitenote_note":"","_monsterinsights_sitenote_category":0,"_uf_show_specific_survey":0,"_uf_disable_surveys":false,"jetpack_post_was_ever_published":false,"_jetpack_newsletter_access":"","_jetpack_dont_email_post_to_subs":false,"_jetpack_newsletter_tier_id":0,"_jetpack_memberships_contains_paywalled_content":false,"_jetpack_memberships_contains_paid_content":false,"footnotes":"","jetpack_publicize_message":"","jetpack_publicize_feature_enabled":true,"jetpack_social_post_already_shared":false,"jetpack_social_options":{"image_generator_settings":{"template":"highway","default_image_id":0,"font":"","enabled":false},"version":2}},"categories":[3],"tags":[],"class_list":["post-13444","post","type-post","status-publish","format-standard","has-post-thumbnail","hentry","category-salud"],"aioseo_notices":[],"views":5,"jetpack_publicize_connections":[],"jetpack_featured_media_url":"https:\/\/i0.wp.com\/elterritorialweb.com.ar\/web\/wp-content\/uploads\/2020\/11\/Dra.Maira_.Mansilla-1.jpeg?fit=565%2C566&ssl=1","jetpack_sharing_enabled":true,"_links":{"self":[{"href":"https:\/\/elterritorialweb.com.ar\/web\/wp-json\/wp\/v2\/posts\/13444","targetHints":{"allow":["GET"]}}],"collection":[{"href":"https:\/\/elterritorialweb.com.ar\/web\/wp-json\/wp\/v2\/posts"}],"about":[{"href":"https:\/\/elterritorialweb.com.ar\/web\/wp-json\/wp\/v2\/types\/post"}],"author":[{"embeddable":true,"href":"https:\/\/elterritorialweb.com.ar\/web\/wp-json\/wp\/v2\/users\/2"}],"replies":[{"embeddable":true,"href":"https:\/\/elterritorialweb.com.ar\/web\/wp-json\/wp\/v2\/comments?post=13444"}],"version-history":[{"count":2,"href":"https:\/\/elterritorialweb.com.ar\/web\/wp-json\/wp\/v2\/posts\/13444\/revisions"}],"predecessor-version":[{"id":13461,"href":"https:\/\/elterritorialweb.com.ar\/web\/wp-json\/wp\/v2\/posts\/13444\/revisions\/13461"}],"wp:featuredmedia":[{"embeddable":true,"href":"https:\/\/elterritorialweb.com.ar\/web\/wp-json\/wp\/v2\/media\/13460"}],"wp:attachment":[{"href":"https:\/\/elterritorialweb.com.ar\/web\/wp-json\/wp\/v2\/media?parent=13444"}],"wp:term":[{"taxonomy":"category","embeddable":true,"href":"https:\/\/elterritorialweb.com.ar\/web\/wp-json\/wp\/v2\/categories?post=13444"},{"taxonomy":"post_tag","embeddable":true,"href":"https:\/\/elterritorialweb.com.ar\/web\/wp-json\/wp\/v2\/tags?post=13444"}],"curies":[{"name":"wp","href":"https:\/\/api.w.org\/{rel}","templated":true}]}}