{"id":13449,"date":"2020-11-19T03:39:11","date_gmt":"2020-11-19T03:39:11","guid":{"rendered":"http:\/\/elterritorialweb.com.ar\/web\/?p=13449"},"modified":"2020-11-19T03:39:12","modified_gmt":"2020-11-19T03:39:12","slug":"asumio-nuevo-director-de-delegacion-del-trabajo-interior","status":"publish","type":"post","link":"https:\/\/elterritorialweb.com.ar\/web\/asumio-nuevo-director-de-delegacion-del-trabajo-interior\/","title":{"rendered":"ASUMI\u00d3 NUEVO DIRECTOR DE DELEGACI\u00d3N DEL TRABAJO INTERIOR"},"content":{"rendered":"\n<p>Mediante un acto protocolar que se realiz\u00f3 en las instalaciones de la<br>Secretar\u00eda de Trabajo y que estuvo bajo todas las medidas de distanciamiento y cumpliendo las normas de prevenci\u00f3n, la secretaria de<br>Trabajo de la Provincia, Aida Ruiz tom\u00f3 juramento al nuevo director de<br>Delegaci\u00f3n del Trabajo Interior, Jorge Daniel G\u00f3mez.<br>Tras la ceremonia, Aida Ruiz expres\u00f3 que estamos sumando \u201ca un nuevo<br>integrante en el \u00e1rea que d\u00eda a d\u00eda sigue mejorando y tratando de dar los pasos hacia adelante. Espero que le vaya bien y sepa responder, como lo<br>viene haciendo, con su capacidad\u00bb concluy\u00f3 la secretaria de Trabajo de la<br>provincia.<\/p>\n","protected":false},"excerpt":{"rendered":"<p>SECRETAR\u00cdA DE TRABAJO<\/p>\n","protected":false},"author":2,"featured_media":13450,"comment_status":"open","ping_status":"open","sticky":false,"template":"","format":"standard","meta":{"om_disable_all_campaigns":false,"_monsterinsights_skip_tracking":false,"_monsterinsights_sitenote_active":false,"_monsterinsights_sitenote_note":"","_monsterinsights_sitenote_category":0,"_uf_show_specific_survey":0,"_uf_disable_surveys":false,"jetpack_post_was_ever_published":false,"_jetpack_newsletter_access":"","_jetpack_dont_email_post_to_subs":false,"_jetpack_newsletter_tier_id":0,"_jetpack_memberships_contains_paywalled_content":false,"_jetpack_memberships_contains_paid_content":false,"footnotes":"","jetpack_publicize_message":"","jetpack_publicize_feature_enabled":true,"jetpack_social_post_already_shared":false,"jetpack_social_options":{"image_generator_settings":{"template":"highway","default_image_id":0,"font":"","enabled":false},"version":2}},"categories":[21],"tags":[],"class_list":["post-13449","post","type-post","status-publish","format-standard","has-post-thumbnail","hentry","category-locales"],"aioseo_notices":[],"views":3,"jetpack_publicize_connections":[],"jetpack_featured_media_url":"https:\/\/i0.wp.com\/elterritorialweb.com.ar\/web\/wp-content\/uploads\/2020\/11\/director--scaled.jpg?fit=2560%2C1707&ssl=1","jetpack_sharing_enabled":true,"_links":{"self":[{"href":"https:\/\/elterritorialweb.com.ar\/web\/wp-json\/wp\/v2\/posts\/13449","targetHints":{"allow":["GET"]}}],"collection":[{"href":"https:\/\/elterritorialweb.com.ar\/web\/wp-json\/wp\/v2\/posts"}],"about":[{"href":"https:\/\/elterritorialweb.com.ar\/web\/wp-json\/wp\/v2\/types\/post"}],"author":[{"embeddable":true,"href":"https:\/\/elterritorialweb.com.ar\/web\/wp-json\/wp\/v2\/users\/2"}],"replies":[{"embeddable":true,"href":"https:\/\/elterritorialweb.com.ar\/web\/wp-json\/wp\/v2\/comments?post=13449"}],"version-history":[{"count":1,"href":"https:\/\/elterritorialweb.com.ar\/web\/wp-json\/wp\/v2\/posts\/13449\/revisions"}],"predecessor-version":[{"id":13451,"href":"https:\/\/elterritorialweb.com.ar\/web\/wp-json\/wp\/v2\/posts\/13449\/revisions\/13451"}],"wp:featuredmedia":[{"embeddable":true,"href":"https:\/\/elterritorialweb.com.ar\/web\/wp-json\/wp\/v2\/media\/13450"}],"wp:attachment":[{"href":"https:\/\/elterritorialweb.com.ar\/web\/wp-json\/wp\/v2\/media?parent=13449"}],"wp:term":[{"taxonomy":"category","embeddable":true,"href":"https:\/\/elterritorialweb.com.ar\/web\/wp-json\/wp\/v2\/categories?post=13449"},{"taxonomy":"post_tag","embeddable":true,"href":"https:\/\/elterritorialweb.com.ar\/web\/wp-json\/wp\/v2\/tags?post=13449"}],"curies":[{"name":"wp","href":"https:\/\/api.w.org\/{rel}","templated":true}]}}