{"id":13452,"date":"2020-11-19T03:52:58","date_gmt":"2020-11-19T03:52:58","guid":{"rendered":"http:\/\/elterritorialweb.com.ar\/web\/?p=13452"},"modified":"2020-11-19T03:52:59","modified_gmt":"2020-11-19T03:52:59","slug":"santiago-del-estero-reabre-su-temporada-turistica-verano-2021","status":"publish","type":"post","link":"https:\/\/elterritorialweb.com.ar\/web\/santiago-del-estero-reabre-su-temporada-turistica-verano-2021\/","title":{"rendered":"SANTIAGO DEL ESTERO REABRE SU TEMPORADA TUR\u00cdSTICA VERANO 2021"},"content":{"rendered":"\n<p>Recientemente se informo desde la Subsecretaria de Turismo de Santiago<br>del Estero que el 4 de diciembre quedar\u00e1 oficialmente vigente su reapertura tur\u00edstica para la temporada de verano 2021.<br>Al respecto el subsecretario de Turismo Nelson Bravo resalt\u00f3 \u201cel esfuerzo que el sector privado del turismo viene realizando para llegar a esta instancia y que con el apoyo del Gobierno del Dr. Gerardo Zamora, se pudo definir los par\u00e1metros del protocolo que permitir\u00e1 al sector volver a trabajar despu\u00e9s de tanto tiempo\u201d.<br><\/p>\n\n\n\n<figure class=\"wp-block-image size-large\"><img data-recalc-dims=\"1\" decoding=\"async\" width=\"640\" height=\"853\" data-src=\"https:\/\/i0.wp.com\/elterritorialweb.com.ar\/web\/wp-content\/uploads\/2020\/11\/NELSON-BRAVO.jpg?resize=640%2C853\" alt=\"\" class=\"wp-image-13454 lazyload\" data-srcset=\"https:\/\/i0.wp.com\/elterritorialweb.com.ar\/web\/wp-content\/uploads\/2020\/11\/NELSON-BRAVO.jpg?resize=768%2C1024&amp;ssl=1 768w, https:\/\/i0.wp.com\/elterritorialweb.com.ar\/web\/wp-content\/uploads\/2020\/11\/NELSON-BRAVO.jpg?resize=225%2C300&amp;ssl=1 225w, https:\/\/i0.wp.com\/elterritorialweb.com.ar\/web\/wp-content\/uploads\/2020\/11\/NELSON-BRAVO.jpg?w=880&amp;ssl=1 880w\" data-sizes=\"(max-width: 640px) 100vw, 640px\" src=\"data:image\/svg+xml;base64,PHN2ZyB3aWR0aD0iMSIgaGVpZ2h0PSIxIiB4bWxucz0iaHR0cDovL3d3dy53My5vcmcvMjAwMC9zdmciPjwvc3ZnPg==\" style=\"--smush-placeholder-width: 640px; --smush-placeholder-aspect-ratio: 640\/853;\" \/><\/figure>\n\n\n\n<p>Santiago del Estero se caracteriza por ser un destino tur\u00edstico con fuerte convocatoria en temporada invernal, sin embargo, en estos \u00faltimos a\u00f1os y con trabajo mancomunado, se logr\u00f3 romper con la estacionalidad para convertirse en un destino de todo el a\u00f1o.<br>Al respecto del proceso de apertura, Nelson Bravo, destac\u00f3 que \u201cEn esta<br>primera etapa de verano vamos a trabajar gradualmente respetando y<br>aplicando todas las medidas sanitarias necesarias, con la esperanza de<br>obtener resultados positivos, que proyecten hacia la temporada de<br>invierno la recuperaci\u00f3n del sector\u201d<\/p>\n\n\n\n<p><strong>Requisitos para el ingreso de turistas a la provincia<\/strong><\/p>\n\n\n\n<p>Al respecto se pudo saber que en primera instancia el turista deber\u00e1 realizar, una reserva previa en un alojamiento habilitado. Al mismo tiempo se destac\u00f3 el hecho de que NO se requiere hisopado o PCR previo.<\/p>\n\n\n\n<p>Un vez confirmada su reserva hotelera, la persona ser\u00e1 dada de alta en el sistema provincial \u201cCirculando\u201d, pudiendo de esta manera acceder a la provincia en car\u00e1cter de \u201dTurista\u201d solo con su DNI, el cual deber\u00e1 ser presentado en los controles fronterizos y en ocasi\u00f3n que las fuerza de seguridad se lo requieran.<\/p>\n\n\n\n<p>Solamente ingresar\u00e1n a la provincia aquellas personas que cumplan con<br>los siguientes requisitos:<br>El m\u00e1s importante es la reserva hotelera previa, confirmada en un<br>alojamiento habilitado (por la Subsecretar\u00eda de Turismo de Santiago del<br>Estero) , imprescindible para el ingreso a la provincia.<br>Otro requerimiento que se solicitar\u00e1 a los turistas es el seguro personal<br>de salud COVID-19 provisto por alguna compa\u00f1\u00eda de seguros en caso de<br>que su obra social no tuviera cobertura efectiva en la provincia, en caso de<br>contar con una obra social con estos alcances, no ser\u00eda exigido el seguro de salud, para lo cual se sugiri\u00f3 confirmar este detalle para no tener sobresaltos en momentos acuciantes<br>Adem\u00e1s se deber\u00e1 descargar en el tel\u00e9fono celular la aplicaci\u00f3n CuidarSE.<br>En caso que por alguna raz\u00f3n no se pueda, se deber\u00e1 llenar una declaraci\u00f3n jurada manual al ingreso.<br>Por \u00faltimo, el turista No debe presentar s\u00edntomas al momento del ingreso a la provincia, para eso se controlar\u00e1 temperatura y olfato de manera intensiva.<br>Desde la subsecretaria tambi\u00e9n se destac\u00f3 que \u201cde no poder ingresar se le<br>informar\u00e1 al establecimiento hotelero, para acordar la reprogramaci\u00f3n<br>del alojamiento o la devoluci\u00f3n del importe abonado\u201d.<\/p>\n\n\n\n<p><strong>Regreso al lugar de origen<\/strong><\/p>\n\n\n\n<p>Tambi\u00e9n se confirm\u00f3 que \u201cal momento de finalizar su estad\u00eda en el hotel, el registro ser\u00e1 dados de baja del sistema \u201cCirculando\u201d y por lo tanto perder\u00e1 su categor\u00eda de Turista en el sistema\u201c.<br>Al respecto Nelson Bravo destac\u00f3 la necesidad de \u201cregresar a su lugar de origen, evitando as\u00ed la permanencia en alojamientos no habilitados o en<br>viviendas particulares para evitar multas y sanciones\u201d.<br>Finalmente se resalt\u00f3 que \u201cen caso de presentar s\u00edntomas durante alg\u00fan<br>momento de su permanencia, se activar\u00e1 el protocolo preventivo, tomando intervenci\u00f3n la autoridad sanitaria para determinar si es un caso positivo de COVID \u201c.<br>En este sentido la Subsecretaria de Turismo provincial enfatiz\u00f3 que \u201cen<br>caso de que una persona sea positivo al COVD -19, se arbitrar\u00e1n los medios para el regreso del turista a su lugar de origen o derivarlo a un lugar de aislamiento habilitado a tal fin\u201d, resaltando que el costo del mismo ser\u00e1 con cargo al turista.<\/p>\n","protected":false},"excerpt":{"rendered":"<p>Recientemente se informo desde la Subsecretaria de Turismo de Santiagodel Estero que el 4 de&#8230;<\/p>\n","protected":false},"author":2,"featured_media":13453,"comment_status":"open","ping_status":"open","sticky":false,"template":"","format":"standard","meta":{"om_disable_all_campaigns":false,"_monsterinsights_skip_tracking":false,"_monsterinsights_sitenote_active":false,"_monsterinsights_sitenote_note":"","_monsterinsights_sitenote_category":0,"_uf_show_specific_survey":0,"_uf_disable_surveys":false,"jetpack_post_was_ever_published":false,"_jetpack_newsletter_access":"","_jetpack_dont_email_post_to_subs":false,"_jetpack_newsletter_tier_id":0,"_jetpack_memberships_contains_paywalled_content":false,"_jetpack_memberships_contains_paid_content":false,"footnotes":"","jetpack_publicize_message":"","jetpack_publicize_feature_enabled":true,"jetpack_social_post_already_shared":false,"jetpack_social_options":{"image_generator_settings":{"template":"highway","default_image_id":0,"font":"","enabled":false},"version":2}},"categories":[21],"tags":[],"class_list":["post-13452","post","type-post","status-publish","format-standard","has-post-thumbnail","hentry","category-locales"],"aioseo_notices":[],"views":5,"jetpack_publicize_connections":[],"jetpack_featured_media_url":"https:\/\/i0.wp.com\/elterritorialweb.com.ar\/web\/wp-content\/uploads\/2020\/11\/TURISMO-VERANO-2021.jpg?fit=2000%2C1278&ssl=1","jetpack_sharing_enabled":true,"_links":{"self":[{"href":"https:\/\/elterritorialweb.com.ar\/web\/wp-json\/wp\/v2\/posts\/13452","targetHints":{"allow":["GET"]}}],"collection":[{"href":"https:\/\/elterritorialweb.com.ar\/web\/wp-json\/wp\/v2\/posts"}],"about":[{"href":"https:\/\/elterritorialweb.com.ar\/web\/wp-json\/wp\/v2\/types\/post"}],"author":[{"embeddable":true,"href":"https:\/\/elterritorialweb.com.ar\/web\/wp-json\/wp\/v2\/users\/2"}],"replies":[{"embeddable":true,"href":"https:\/\/elterritorialweb.com.ar\/web\/wp-json\/wp\/v2\/comments?post=13452"}],"version-history":[{"count":1,"href":"https:\/\/elterritorialweb.com.ar\/web\/wp-json\/wp\/v2\/posts\/13452\/revisions"}],"predecessor-version":[{"id":13455,"href":"https:\/\/elterritorialweb.com.ar\/web\/wp-json\/wp\/v2\/posts\/13452\/revisions\/13455"}],"wp:featuredmedia":[{"embeddable":true,"href":"https:\/\/elterritorialweb.com.ar\/web\/wp-json\/wp\/v2\/media\/13453"}],"wp:attachment":[{"href":"https:\/\/elterritorialweb.com.ar\/web\/wp-json\/wp\/v2\/media?parent=13452"}],"wp:term":[{"taxonomy":"category","embeddable":true,"href":"https:\/\/elterritorialweb.com.ar\/web\/wp-json\/wp\/v2\/categories?post=13452"},{"taxonomy":"post_tag","embeddable":true,"href":"https:\/\/elterritorialweb.com.ar\/web\/wp-json\/wp\/v2\/tags?post=13452"}],"curies":[{"name":"wp","href":"https:\/\/api.w.org\/{rel}","templated":true}]}}