{"id":13705,"date":"2020-11-24T18:37:54","date_gmt":"2020-11-24T18:37:54","guid":{"rendered":"http:\/\/elterritorialweb.com.ar\/web\/?p=13705"},"modified":"2020-11-24T18:37:55","modified_gmt":"2020-11-24T18:37:55","slug":"el-jueves-26-se-inicia-el-pago-de-sueldos-de-la-administracion-publica","status":"publish","type":"post","link":"https:\/\/elterritorialweb.com.ar\/web\/el-jueves-26-se-inicia-el-pago-de-sueldos-de-la-administracion-publica\/","title":{"rendered":"EL JUEVES 26 SE INICIA EL PAGO DE SUELDOS DE LA ADMINISTRACI\u00d3N P\u00daBLICA"},"content":{"rendered":"\n<p>El <strong>Ministerio de Econom\u00eda de la Provincia<\/strong> de Santiago del Estero comunica que el <strong>pago de sueldos correspondiente al mes de noviembre,<\/strong> se efectuar\u00e1 a partir del <strong>jueves 26 de noviembre<\/strong>, desde las 8 hs. de la ma\u00f1ana.<br>De acuerdo a como se viene estableciendo, como consecuencia del protocolo de distanciamiento y seguridad establecido por la pandemia del Covid \u2013 19, el pago se realizar\u00e1 teniendo en cuenta el \u00faltimo digito del DNI y el dinero estar\u00e1 disponible en los cajeros,<strong> a partir de las 8 hs<\/strong>., de acuerdo al siguiente cronograma:<br><strong>Los DNI terminados en 0, 1, 2, 3 y 4 cobraran el jueves 26 de noviembre.<\/strong><br><strong>Los DNI terminados en 5, 6, 7, 8 y 9 cobraran el viernes 27 de noviembre.<\/strong><br>Se aclara que dicha modalidad de pago se implementa para evitar la<br>aglomeraci\u00f3n de gente en los cajeros y, as\u00ed, poder respetar el<br>distanciamiento social.<\/p>\n","protected":false},"excerpt":{"rendered":"<p>SUELDOS COERRESPONDIENTE AL MES DE NOVIEMBRE DE 2020.<\/p>\n","protected":false},"author":2,"featured_media":6827,"comment_status":"open","ping_status":"open","sticky":false,"template":"","format":"standard","meta":{"om_disable_all_campaigns":false,"_monsterinsights_skip_tracking":false,"_monsterinsights_sitenote_active":false,"_monsterinsights_sitenote_note":"","_monsterinsights_sitenote_category":0,"_uf_show_specific_survey":0,"_uf_disable_surveys":false,"jetpack_post_was_ever_published":false,"_jetpack_newsletter_access":"","_jetpack_dont_email_post_to_subs":false,"_jetpack_newsletter_tier_id":0,"_jetpack_memberships_contains_paywalled_content":false,"_jetpack_memberships_contains_paid_content":false,"footnotes":"","jetpack_publicize_message":"","jetpack_publicize_feature_enabled":true,"jetpack_social_post_already_shared":false,"jetpack_social_options":{"image_generator_settings":{"template":"highway","default_image_id":0,"font":"","enabled":false},"version":2}},"categories":[21],"tags":[],"class_list":["post-13705","post","type-post","status-publish","format-standard","has-post-thumbnail","hentry","category-locales"],"aioseo_notices":[],"views":3,"jetpack_publicize_connections":[],"jetpack_featured_media_url":"https:\/\/i0.wp.com\/elterritorialweb.com.ar\/web\/wp-content\/uploads\/2020\/06\/CAJEROS-AUTOMATICOS.jpg?fit=1200%2C545&ssl=1","jetpack_sharing_enabled":true,"_links":{"self":[{"href":"https:\/\/elterritorialweb.com.ar\/web\/wp-json\/wp\/v2\/posts\/13705","targetHints":{"allow":["GET"]}}],"collection":[{"href":"https:\/\/elterritorialweb.com.ar\/web\/wp-json\/wp\/v2\/posts"}],"about":[{"href":"https:\/\/elterritorialweb.com.ar\/web\/wp-json\/wp\/v2\/types\/post"}],"author":[{"embeddable":true,"href":"https:\/\/elterritorialweb.com.ar\/web\/wp-json\/wp\/v2\/users\/2"}],"replies":[{"embeddable":true,"href":"https:\/\/elterritorialweb.com.ar\/web\/wp-json\/wp\/v2\/comments?post=13705"}],"version-history":[{"count":1,"href":"https:\/\/elterritorialweb.com.ar\/web\/wp-json\/wp\/v2\/posts\/13705\/revisions"}],"predecessor-version":[{"id":13706,"href":"https:\/\/elterritorialweb.com.ar\/web\/wp-json\/wp\/v2\/posts\/13705\/revisions\/13706"}],"wp:featuredmedia":[{"embeddable":true,"href":"https:\/\/elterritorialweb.com.ar\/web\/wp-json\/wp\/v2\/media\/6827"}],"wp:attachment":[{"href":"https:\/\/elterritorialweb.com.ar\/web\/wp-json\/wp\/v2\/media?parent=13705"}],"wp:term":[{"taxonomy":"category","embeddable":true,"href":"https:\/\/elterritorialweb.com.ar\/web\/wp-json\/wp\/v2\/categories?post=13705"},{"taxonomy":"post_tag","embeddable":true,"href":"https:\/\/elterritorialweb.com.ar\/web\/wp-json\/wp\/v2\/tags?post=13705"}],"curies":[{"name":"wp","href":"https:\/\/api.w.org\/{rel}","templated":true}]}}