{"id":13710,"date":"2020-11-24T18:59:08","date_gmt":"2020-11-24T18:59:08","guid":{"rendered":"http:\/\/elterritorialweb.com.ar\/web\/?p=13710"},"modified":"2020-11-24T18:59:08","modified_gmt":"2020-11-24T18:59:08","slug":"fernandez-la-construccion-es-el-motor-que-va-a-encender-la-economia","status":"publish","type":"post","link":"https:\/\/elterritorialweb.com.ar\/web\/fernandez-la-construccion-es-el-motor-que-va-a-encender-la-economia\/","title":{"rendered":"FERN\u00c1NDEZ: \u00abLA CONSTRUCCI\u00d3N ES EL MOTOR QUE VA A ENCENDER LA ECONOM\u00cdA\u00bb"},"content":{"rendered":"\n<p>\u201cLa construcci\u00f3n es verdaderamente el motor que va a encender la econom\u00eda, que va a dar trabajo, y por eso le hemos prestado tanta atenci\u00f3n\u201d, expres\u00f3 el mandatario al tiempo que anticip\u00f3 que el Presupuesto del a\u00f1o entrante implicar\u00e1 \u201cque la inversi\u00f3n en obra p\u00fablica se multiplicar\u00e1 por dos, para llegar al 2.2 por ciento, para poder promover esos trabajos que la Argentina necesita\u201d.<\/p>\n\n\n\n<p>\u201cEsa obra p\u00fablica se necesita en gran medida para terminar las viviendas que se dejaron abandonadas en su construcci\u00f3n en 2015, que es algo a lo que queremos darle prioridad porque ser\u00edan soluciones para miles de familias, y para impulsar la construcci\u00f3n de nuevas viviendas para los sectores medios a trav\u00e9s de cr\u00e9ditos hipotecarios posibles\u201d, explic\u00f3 el Presidente.<\/p>\n\n\n\n<p>Y advirti\u00f3 que el Gobierno nacional \u201ccaer\u00e1 con todo el peso de la ley de abastecimiento donde veamos que alguien est\u00e1 acaparando recursos para la construcci\u00f3n y est\u00e1 frenando la salida solo para buscar un mejor resultado\u201d porque \u201cah\u00ed veo una nefasta actitud tratando de especular con un mejor precio en el futuro. Y no voy a permitir que eso ocurra\u201d.<\/p>\n\n\n\n<p>\u201cLos convoco a hacer lo que hicimos hasta ahora: mantener el di\u00e1logo, trabajar juntos y entender que hay una Argentina que nos merecemos y que todav\u00eda debemos construir. Y que podamos construirla hoy mismo, en el d\u00eda en que celebramos el d\u00eda de la construcci\u00f3n\u201d, agreg\u00f3.<\/p>\n\n\n\n<p>El mandatario tambi\u00e9n record\u00f3 que \u201cpensar en c\u00f3mo encarar la construcci\u00f3n durante la pandemia fue un tema muy complejo, con la necesidad de establecer protocolos para mantener la obra p\u00fablica y poner en marcha la actividad privada\u201d en todo el pa\u00eds.<\/p>\n\n\n\n<p>Sobre la conmemoraci\u00f3n por el D\u00eda de la Construcci\u00f3n, que tiene lugar el 17 de noviembre de cada a\u00f1o, el mandatario felicit\u00f3 \u201ca los empresarios y trabajadores, con quienes nos hubiera gustado celebrar hoy que la construcci\u00f3n es un motor central para el desarrollo econ\u00f3mico argentino\u201d.<\/p>\n\n\n\n<p>Tambi\u00e9n participaron del acto en forma remota el gobernador de Buenos Aires, Axel Kicillof; los ministros de Obras P\u00fablicas, Gabriel Katopodis; y de Desarrollo Territorial y H\u00e1bitat, Jorge Ferraresi; y estuvieron presentes desde la planta el intendente de Olavarr\u00eda, Ezequiel Galli; y el presidente de la C\u00e1mara Argentina de la Construcci\u00f3n, Iv\u00e1n Szczech.<\/p>\n\n\n\n<p>Por su parte, el gobernador bonaerense subray\u00f3 \u201cel papel central de la construcci\u00f3n en la reactivaci\u00f3n de toda la actividad econ\u00f3mica\u201d en el pa\u00eds, al tiempo que afirm\u00f3: \u201cCuando se pone en marcha la construcci\u00f3n se da trabajo, se reactiva el consumo, y el consumo sirve para llevar adelante toda la econom\u00eda\u201d.<\/p>\n\n\n\n<p>En tanto, el presidente de la CAC explic\u00f3 que \u201cesta gran obra de Loma Negra permitir\u00e1 a la Argentina tener mayor capacidad para construir\u201d, y ponder\u00f3 \u201cla acertada y r\u00e1pida decisi\u00f3n del Gobierno de promover los ATP\u201d, en el marco de la pandemia por COVID-19, que constituy\u00f3 una \u201cherramienta que valoramos y reconocemos ya que ayud\u00f3 al 63 por ciento de nuestras empresas, llegando a 183 mil trabajadores de nuestra industria\u201d.<\/p>\n\n\n\n<p>Asistieron adem\u00e1s a la ceremonia el CEO de Loma Negra, Sergio Faifman; y el secretario General de la Uni\u00f3n Obrera de la Construcci\u00f3n de la Rep\u00fablica Argentina (UOCRA), Gerardo Mart\u00ednez.<\/p>\n\n\n\n<p>La ampliaci\u00f3n de la segunda l\u00ednea de la planta L\u2019Amal\u00ed, que se inici\u00f3 a finales de 2017 y ser\u00e1 inaugurada durante el primer semestre de 2021, permitir\u00e1 aumentar en un 40 por ciento la capacidad total de Loma Negra, por una inversi\u00f3n de alrededor de 350 millones de d\u00f3lares.<\/p>\n","protected":false},"excerpt":{"rendered":"<p>El presidente Alberto Fern\u00e1ndez encabez\u00f3 este mediod\u00eda, a trav\u00e9s de una videoconferencia, el acto por el D\u00eda de la Construcci\u00f3n, que tuvo lugar en la planta L\u2019Amal\u00ed, de la empresa Loma Negra, en el partido bonaerense de Olavarr\u00eda, que ampliar\u00e1 sus instalaciones por una inversi\u00f3n de alrededor de 350 millones de d\u00f3lares.<\/p>\n","protected":false},"author":2,"featured_media":13711,"comment_status":"open","ping_status":"open","sticky":false,"template":"","format":"standard","meta":{"om_disable_all_campaigns":false,"_monsterinsights_skip_tracking":false,"_monsterinsights_sitenote_active":false,"_monsterinsights_sitenote_note":"","_monsterinsights_sitenote_category":0,"_uf_show_specific_survey":0,"_uf_disable_surveys":false,"jetpack_post_was_ever_published":false,"_jetpack_newsletter_access":"","_jetpack_dont_email_post_to_subs":false,"_jetpack_newsletter_tier_id":0,"_jetpack_memberships_contains_paywalled_content":false,"_jetpack_memberships_contains_paid_content":false,"footnotes":"","jetpack_publicize_message":"","jetpack_publicize_feature_enabled":true,"jetpack_social_post_already_shared":false,"jetpack_social_options":{"image_generator_settings":{"template":"highway","default_image_id":0,"font":"","enabled":false},"version":2}},"categories":[18],"tags":[],"class_list":["post-13710","post","type-post","status-publish","format-standard","has-post-thumbnail","hentry","category-politica"],"aioseo_notices":[],"views":3,"jetpack_publicize_connections":[],"jetpack_featured_media_url":"https:\/\/i0.wp.com\/elterritorialweb.com.ar\/web\/wp-content\/uploads\/2020\/11\/FERNANDEZ-CONSTRUCCION.jpg?fit=1940%2C1293&ssl=1","jetpack_sharing_enabled":true,"_links":{"self":[{"href":"https:\/\/elterritorialweb.com.ar\/web\/wp-json\/wp\/v2\/posts\/13710","targetHints":{"allow":["GET"]}}],"collection":[{"href":"https:\/\/elterritorialweb.com.ar\/web\/wp-json\/wp\/v2\/posts"}],"about":[{"href":"https:\/\/elterritorialweb.com.ar\/web\/wp-json\/wp\/v2\/types\/post"}],"author":[{"embeddable":true,"href":"https:\/\/elterritorialweb.com.ar\/web\/wp-json\/wp\/v2\/users\/2"}],"replies":[{"embeddable":true,"href":"https:\/\/elterritorialweb.com.ar\/web\/wp-json\/wp\/v2\/comments?post=13710"}],"version-history":[{"count":1,"href":"https:\/\/elterritorialweb.com.ar\/web\/wp-json\/wp\/v2\/posts\/13710\/revisions"}],"predecessor-version":[{"id":13712,"href":"https:\/\/elterritorialweb.com.ar\/web\/wp-json\/wp\/v2\/posts\/13710\/revisions\/13712"}],"wp:featuredmedia":[{"embeddable":true,"href":"https:\/\/elterritorialweb.com.ar\/web\/wp-json\/wp\/v2\/media\/13711"}],"wp:attachment":[{"href":"https:\/\/elterritorialweb.com.ar\/web\/wp-json\/wp\/v2\/media?parent=13710"}],"wp:term":[{"taxonomy":"category","embeddable":true,"href":"https:\/\/elterritorialweb.com.ar\/web\/wp-json\/wp\/v2\/categories?post=13710"},{"taxonomy":"post_tag","embeddable":true,"href":"https:\/\/elterritorialweb.com.ar\/web\/wp-json\/wp\/v2\/tags?post=13710"}],"curies":[{"name":"wp","href":"https:\/\/api.w.org\/{rel}","templated":true}]}}