{"id":13713,"date":"2020-11-24T19:16:30","date_gmt":"2020-11-24T19:16:30","guid":{"rendered":"http:\/\/elterritorialweb.com.ar\/web\/?p=13713"},"modified":"2020-11-24T19:16:30","modified_gmt":"2020-11-24T19:16:30","slug":"otorgaran-un-bono-de-fin-de-ano-a-los-beneficiarios-del-plan-potenciar-trabajo","status":"publish","type":"post","link":"https:\/\/elterritorialweb.com.ar\/web\/otorgaran-un-bono-de-fin-de-ano-a-los-beneficiarios-del-plan-potenciar-trabajo\/","title":{"rendered":"OTORGAR\u00c1N UN BONO DE FIN DE A\u00d1O A LOS BENEFICIARIOS DEL PLAN POTENCIAR TRABAJO"},"content":{"rendered":"\n<p>El Ministro de Desarrollo Social, <strong>Daniel Arroyo<\/strong>, confirm\u00f3 este martes que <strong>se otorgar\u00e1 un bono de fin de a\u00f1o de 9.400 pesos<\/strong> para los beneficiarios del <strong>plan Potenciar Trabajo<\/strong> y un plus a los beneficiarios de la Asignaci\u00f3n Universal por Hijo (AUH) que \u00abcobrar\u00e1n 12.000 pesos en diciembre\u00bb.<\/p>\n\n\n\n<p>\u00abVamos a dar un bono de fin de a\u00f1o de 9.400 pesos a los beneficiarios de Potenciar Trabajo, y tambi\u00e9n a duplicar el monto de la Tarjeta Alimentaria\u00bb, confirm\u00f3 este martes el ministro en declaraciones a la radio online FutuRock, en las que agreg\u00f3 que tambi\u00e9n se le dar\u00e1 \u00abun plus a los beneficiarios de la AUH, que van a cobrar 12.000 pesos en diciembre\u00bb.<\/p>\n\n\n\n<p>En ese marco, el funcionario respondi\u00f3 que \u00abno hay \u00e1nimo de un conflicto social en la Argentina\u00bb, al ser consultado sobre si el Gobierno espera tensiones al acercarse las fiestas de fin de a\u00f1o, y puntualiz\u00f3 que \u00abviene bajando la cantidad de personas que asisten a comedores\u00bb.<\/p>\n\n\n\n<p>\u00abNo hay \u00e1nimo de un conflicto social en Argentina. No creo que se venga un diciembre caliente en ese sentido\u00bb, respondi\u00f3 Arroyo.<\/p>\n\n\n\n<p>El ministro a\u00f1adi\u00f3 que \u00abhace cuatro semanas viene bajando la cantidad de gente que va a los comedores en el conurbano, seg\u00fan nuestro relevamiento\u00bb.<\/p>\n\n\n\n<p>A esto sum\u00f3 el otorgamiento del bono de fin de a\u00f1o, sobre el cual aclar\u00f3 que \u00ablas 700.000 personas que forman parte del programa Potenciar Trabajo, y cobran la mitad del salario m\u00ednimo, con cuatro horas de trabajo como contraprestaci\u00f3n, van a cobrarlo\u00bb.<\/p>\n\n\n\n<p>En el mismo sentido, el funcionario pidi\u00f3 \u00abcombinar racionalidad econ\u00f3mica con todos adentro\u00bb y analiz\u00f3 que \u00abes evidente que han aumentado los alimentos en un a\u00f1o donde mucha gente ha tenido dificultades con el trabajo\u00bb como consecuencia de la pandemia.<\/p>\n","protected":false},"excerpt":{"rendered":"<p>El Ministro de Desarrollo Social confirm\u00f3 que se otorgar\u00e1 ese bono y un plus a los beneficiarios de la Asignaci\u00f3n Universal por Hijo (AUH) que \u00abcobrar\u00e1n 12.000 pesos en diciembre\u00bb.<\/p>\n","protected":false},"author":2,"featured_media":13714,"comment_status":"open","ping_status":"open","sticky":false,"template":"","format":"standard","meta":{"om_disable_all_campaigns":false,"_monsterinsights_skip_tracking":false,"_monsterinsights_sitenote_active":false,"_monsterinsights_sitenote_note":"","_monsterinsights_sitenote_category":0,"_uf_show_specific_survey":0,"_uf_disable_surveys":false,"jetpack_post_was_ever_published":false,"_jetpack_newsletter_access":"","_jetpack_dont_email_post_to_subs":false,"_jetpack_newsletter_tier_id":0,"_jetpack_memberships_contains_paywalled_content":false,"_jetpack_memberships_contains_paid_content":false,"footnotes":"","jetpack_publicize_message":"","jetpack_publicize_feature_enabled":true,"jetpack_social_post_already_shared":false,"jetpack_social_options":{"image_generator_settings":{"template":"highway","default_image_id":0,"font":"","enabled":false},"version":2}},"categories":[2],"tags":[],"class_list":["post-13713","post","type-post","status-publish","format-standard","has-post-thumbnail","hentry","category-economia"],"aioseo_notices":[],"views":19,"jetpack_publicize_connections":[],"jetpack_featured_media_url":"https:\/\/i0.wp.com\/elterritorialweb.com.ar\/web\/wp-content\/uploads\/2020\/11\/BONO-DE-FIN-DE-NO.jpg?fit=640%2C360&ssl=1","jetpack_sharing_enabled":true,"_links":{"self":[{"href":"https:\/\/elterritorialweb.com.ar\/web\/wp-json\/wp\/v2\/posts\/13713","targetHints":{"allow":["GET"]}}],"collection":[{"href":"https:\/\/elterritorialweb.com.ar\/web\/wp-json\/wp\/v2\/posts"}],"about":[{"href":"https:\/\/elterritorialweb.com.ar\/web\/wp-json\/wp\/v2\/types\/post"}],"author":[{"embeddable":true,"href":"https:\/\/elterritorialweb.com.ar\/web\/wp-json\/wp\/v2\/users\/2"}],"replies":[{"embeddable":true,"href":"https:\/\/elterritorialweb.com.ar\/web\/wp-json\/wp\/v2\/comments?post=13713"}],"version-history":[{"count":1,"href":"https:\/\/elterritorialweb.com.ar\/web\/wp-json\/wp\/v2\/posts\/13713\/revisions"}],"predecessor-version":[{"id":13715,"href":"https:\/\/elterritorialweb.com.ar\/web\/wp-json\/wp\/v2\/posts\/13713\/revisions\/13715"}],"wp:featuredmedia":[{"embeddable":true,"href":"https:\/\/elterritorialweb.com.ar\/web\/wp-json\/wp\/v2\/media\/13714"}],"wp:attachment":[{"href":"https:\/\/elterritorialweb.com.ar\/web\/wp-json\/wp\/v2\/media?parent=13713"}],"wp:term":[{"taxonomy":"category","embeddable":true,"href":"https:\/\/elterritorialweb.com.ar\/web\/wp-json\/wp\/v2\/categories?post=13713"},{"taxonomy":"post_tag","embeddable":true,"href":"https:\/\/elterritorialweb.com.ar\/web\/wp-json\/wp\/v2\/tags?post=13713"}],"curies":[{"name":"wp","href":"https:\/\/api.w.org\/{rel}","templated":true}]}}