{"id":13716,"date":"2020-11-24T19:32:05","date_gmt":"2020-11-24T19:32:05","guid":{"rendered":"http:\/\/elterritorialweb.com.ar\/web\/?p=13716"},"modified":"2020-11-24T19:41:21","modified_gmt":"2020-11-24T19:41:21","slug":"abigail-llego-a-buenos-aires-para-su-tratamiento-oncologico","status":"publish","type":"post","link":"https:\/\/elterritorialweb.com.ar\/web\/abigail-llego-a-buenos-aires-para-su-tratamiento-oncologico\/","title":{"rendered":"ABIGAIL LLEG\u00d3 A BUENOS AIRES PARA SU TRATAMIENTO ONCOL\u00d3GICO"},"content":{"rendered":"\n<p>Abigail Jim\u00e9nez, la ni\u00f1a de 12 a\u00f1os que padece c\u00e1ncer de huesos y tuvo que ser cargada en brazos por su padre para poder regresar a su casa en Santiago del Estero luego de que la polic\u00eda le negara en ingreso en auto en el marco de las restricciones por coronavirus, arrib\u00f3 este martes a Buenos Aires en un vuelo sanitario para ser atendida en el Hospital Austral de la localidad de Pilar.<\/p>\n\n\n\n<p>La menor, quien parti\u00f3 de Santiago a las 9.45, lleg\u00f3 una hora despu\u00e9s junto a sus padres, Diego y Carmen, para realizar una interconsulta en el centro asistencial del norte bonaerense, donde continuar\u00eda con el tratamiento oncol\u00f3gico.<\/p>\n\n\n\n<p>El intendente de Las Termas de R\u00edo Hondo, Jorge Mukdise, fue quien confirm\u00f3 que Abigail fue trasladada cerca de las 2 de la madrugada, primero al Centro Integral de Salud Termas y luego derivada de manera urgente hacia al Centro Provincial de Salud Infantil (Cepsi) por complicaciones en su estado de salud.<\/p>\n\n\n\n<p>En di\u00e1logo con la prensa, la directora del Cepsi, Mar\u00eda Eugenia Gauna, dijo hoy que&nbsp;<strong>Abigail egres\u00f3 del centro de salud hacia Buenos Aires en una condici\u00f3n \u00abestable y sin requerimiento de ox\u00edgeno\u00bb.<\/strong><\/p>\n\n\n\n<p>Por su parte, la t\u00eda de la menor, Silvia Medina, en declaraciones a los medios, hab\u00eda remarcado que los padres de Abigail \u00abvan a luchar mientras tengan una m\u00ednima esperanza, por eso quieren escuchar otra opini\u00f3n y hoy est\u00e1 la oportunidad de ir a Buenos Aires y ya es una esperanza\u00bb para ellos.<\/p>\n\n\n\n<p>En ese sentido sostuvo que&nbsp;<strong>\u00ablos padres no se resignan, pero la situaci\u00f3n es muy grave desde hace meses y reca\u00eddas como \u00e9sta son muy frecuentes debido a sus defensas ya muy bajas\u00bb<\/strong>, por lo que pidi\u00f3 una oraci\u00f3n por Abigail y por todos los ni\u00f1os que tienen c\u00e1ncer.<\/p>\n\n\n\n<p>El s\u00e1bado, luego de que se conociera la situaci\u00f3n que tuvo que atravesar Abigail, el gobernador Gerardo Zamora pidi\u00f3 disculpas y se puso a disposici\u00f3n de la familia.<\/p>\n\n\n\n<p>\u00abM\u00e1s all\u00e1 de la investigaci\u00f3n interna sobre lo que haya ocurrido y una lamentable sucesi\u00f3n de hechos y errores, y sobre los cuales quiero aclarar que no tienen nada que ver los padres y mucho menos la ni\u00f1a, es el Estado el que ha fallado y por el cual me responsabilizo en sus mecanismos para controlar la salud de los habitantes\u00bb, sostuvo el mandatario santiague\u00f1o.<\/p>\n","protected":false},"excerpt":{"rendered":"<p>Su caso se conoci\u00f3 luego de que se viralizara un video que muestra a su padre carg\u00e1ndola en brazos, luego de que la Polic\u00eda le impidiera ingresar a la provincia argumentando que no ten\u00eda los papeles en regla de su auto.<\/p>\n","protected":false},"author":2,"featured_media":13717,"comment_status":"open","ping_status":"open","sticky":false,"template":"","format":"standard","meta":{"om_disable_all_campaigns":false,"_monsterinsights_skip_tracking":false,"_monsterinsights_sitenote_active":false,"_monsterinsights_sitenote_note":"","_monsterinsights_sitenote_category":0,"_uf_show_specific_survey":0,"_uf_disable_surveys":false,"jetpack_post_was_ever_published":false,"_jetpack_newsletter_access":"","_jetpack_dont_email_post_to_subs":false,"_jetpack_newsletter_tier_id":0,"_jetpack_memberships_contains_paywalled_content":false,"_jetpack_memberships_contains_paid_content":false,"footnotes":"","jetpack_publicize_message":"","jetpack_publicize_feature_enabled":true,"jetpack_social_post_already_shared":false,"jetpack_social_options":{"image_generator_settings":{"template":"highway","default_image_id":0,"font":"","enabled":false},"version":2}},"categories":[21],"tags":[],"class_list":["post-13716","post","type-post","status-publish","format-standard","has-post-thumbnail","hentry","category-locales"],"aioseo_notices":[],"views":5,"jetpack_publicize_connections":[],"jetpack_featured_media_url":"https:\/\/i0.wp.com\/elterritorialweb.com.ar\/web\/wp-content\/uploads\/2020\/11\/ABIGAIL-EN-BUENOS-AIRES.jpg?fit=680%2C357&ssl=1","jetpack_sharing_enabled":true,"_links":{"self":[{"href":"https:\/\/elterritorialweb.com.ar\/web\/wp-json\/wp\/v2\/posts\/13716","targetHints":{"allow":["GET"]}}],"collection":[{"href":"https:\/\/elterritorialweb.com.ar\/web\/wp-json\/wp\/v2\/posts"}],"about":[{"href":"https:\/\/elterritorialweb.com.ar\/web\/wp-json\/wp\/v2\/types\/post"}],"author":[{"embeddable":true,"href":"https:\/\/elterritorialweb.com.ar\/web\/wp-json\/wp\/v2\/users\/2"}],"replies":[{"embeddable":true,"href":"https:\/\/elterritorialweb.com.ar\/web\/wp-json\/wp\/v2\/comments?post=13716"}],"version-history":[{"count":1,"href":"https:\/\/elterritorialweb.com.ar\/web\/wp-json\/wp\/v2\/posts\/13716\/revisions"}],"predecessor-version":[{"id":13718,"href":"https:\/\/elterritorialweb.com.ar\/web\/wp-json\/wp\/v2\/posts\/13716\/revisions\/13718"}],"wp:featuredmedia":[{"embeddable":true,"href":"https:\/\/elterritorialweb.com.ar\/web\/wp-json\/wp\/v2\/media\/13717"}],"wp:attachment":[{"href":"https:\/\/elterritorialweb.com.ar\/web\/wp-json\/wp\/v2\/media?parent=13716"}],"wp:term":[{"taxonomy":"category","embeddable":true,"href":"https:\/\/elterritorialweb.com.ar\/web\/wp-json\/wp\/v2\/categories?post=13716"},{"taxonomy":"post_tag","embeddable":true,"href":"https:\/\/elterritorialweb.com.ar\/web\/wp-json\/wp\/v2\/tags?post=13716"}],"curies":[{"name":"wp","href":"https:\/\/api.w.org\/{rel}","templated":true}]}}