{"id":13719,"date":"2020-11-24T19:57:09","date_gmt":"2020-11-24T19:57:09","guid":{"rendered":"http:\/\/elterritorialweb.com.ar\/web\/?p=13719"},"modified":"2020-11-24T19:57:09","modified_gmt":"2020-11-24T19:57:09","slug":"la-actividad-economica-cayo-69-internual-en-septiembre-pero-crecio-19-respecto-a-agosto","status":"publish","type":"post","link":"https:\/\/elterritorialweb.com.ar\/web\/la-actividad-economica-cayo-69-internual-en-septiembre-pero-crecio-19-respecto-a-agosto\/","title":{"rendered":"LA ACTIVIDAD ECON\u00d3MICA CAY\u00d3 6,9 % INTERNUAL EN SEPTIEMBRE PERO CRECIO 1,9 % RESPECTO A AGOSTO"},"content":{"rendered":"\n<p>El n<strong>ivel de actividad econ\u00f3mica cay\u00f3 6,9% en septiembre<\/strong>&nbsp;en relaci\u00f3n a igual mes del a\u00f1o pasado, al tiempo que marc\u00f3 una mejora de 1,9% respecto a agosto, inform\u00f3 hoy el Instituto Nacional de Estad\u00edstica y Censos (Indec)<\/p>\n\n\n\n<figure class=\"wp-block-embed-twitter wp-block-embed is-type-rich is-provider-twitter\"><div class=\"wp-block-embed__wrapper\">\n<blockquote class=\"twitter-tweet\" data-width=\"550\" data-dnt=\"true\"><p lang=\"es\" dir=\"ltr\"><a href=\"https:\/\/twitter.com\/hashtag\/DatoINDEC?src=hash&amp;ref_src=twsrc%5Etfw\">#DatoINDEC<\/a><br>La actividad econ\u00f3mica creci\u00f3 1,9% en septiembre de 2020 respecto de agosto y cay\u00f3 6,9% interanual <a href=\"https:\/\/t.co\/RyVk2NY7oQ\">https:\/\/t.co\/RyVk2NY7oQ<\/a> <a href=\"https:\/\/t.co\/7zgPwXZHy6\">pic.twitter.com\/7zgPwXZHy6<\/a><\/p>&mdash; INDEC Argentina (@INDECArgentina) <a href=\"https:\/\/twitter.com\/INDECArgentina\/status\/1331311689942376449?ref_src=twsrc%5Etfw\">November 24, 2020<\/a><\/blockquote><script async src=\"https:\/\/platform.twitter.com\/widgets.js\" charset=\"utf-8\"><\/script>\n<\/div><\/figure>\n\n\n\n<p>De esta forma, el Estimador Mensual de la Actividad Econ\u00f3mica (EMAE) acumul\u00f3 una&nbsp;<strong>baja del 11,9% en los primeros nueve meses&nbsp;<\/strong>del a\u00f1o, inform\u00f3 el organismo.<\/p>\n\n\n\n<p>De los 15 sectores econ\u00f3micos que conforman el EMAE, 6 de ellos registraron alzas en septiembre en la comparaci\u00f3n interanual, entre los que se destacaron por su incidencia positiva el comercio mayorista, minorista y reparaciones, con un alza del 5,8% y la industria manufacturera, con una mejora del 2,2%.<\/p>\n\n\n\n<p>En cambio, los que m\u00e1s incidieron en la ca\u00edda fueron transporte y comunicaciones, con una merma del 19%; y el \u00edtem otras actividades de servicios comunitarios, sociales y personales, con una baja del 50 %, inform\u00f3 el Indec.<\/p>\n\n\n\n<p>Desde el Ministerio de Econom\u00eda destacaron que la merma del 6,9% interanual redujo a la casi a la mitad la tasa de ca\u00edda respecto del mes anterior, que fue del 11,8% en agosto, la menor baja desde el inicio de la pandemia.<\/p>\n","protected":false},"excerpt":{"rendered":"<p>As\u00ed lo inform\u00f3 el Instituto Nacional de Estad\u00edstica y Censo en funci\u00f3n de su estudio mensual.<\/p>\n","protected":false},"author":2,"featured_media":11441,"comment_status":"open","ping_status":"open","sticky":false,"template":"","format":"standard","meta":{"om_disable_all_campaigns":false,"_monsterinsights_skip_tracking":false,"_monsterinsights_sitenote_active":false,"_monsterinsights_sitenote_note":"","_monsterinsights_sitenote_category":0,"_uf_show_specific_survey":0,"_uf_disable_surveys":false,"jetpack_post_was_ever_published":false,"_jetpack_newsletter_access":"","_jetpack_dont_email_post_to_subs":false,"_jetpack_newsletter_tier_id":0,"_jetpack_memberships_contains_paywalled_content":false,"_jetpack_memberships_contains_paid_content":false,"footnotes":"","jetpack_publicize_message":"","jetpack_publicize_feature_enabled":true,"jetpack_social_post_already_shared":false,"jetpack_social_options":{"image_generator_settings":{"template":"highway","default_image_id":0,"font":"","enabled":false},"version":2}},"categories":[2],"tags":[],"class_list":["post-13719","post","type-post","status-publish","format-standard","has-post-thumbnail","hentry","category-economia"],"aioseo_notices":[],"views":4,"jetpack_publicize_connections":[],"jetpack_featured_media_url":"https:\/\/i0.wp.com\/elterritorialweb.com.ar\/web\/wp-content\/uploads\/2020\/09\/INDEC-BAJO-LA-ACTIVIDAD-ECONOMICA.jpg?fit=600%2C400&ssl=1","jetpack_sharing_enabled":true,"_links":{"self":[{"href":"https:\/\/elterritorialweb.com.ar\/web\/wp-json\/wp\/v2\/posts\/13719","targetHints":{"allow":["GET"]}}],"collection":[{"href":"https:\/\/elterritorialweb.com.ar\/web\/wp-json\/wp\/v2\/posts"}],"about":[{"href":"https:\/\/elterritorialweb.com.ar\/web\/wp-json\/wp\/v2\/types\/post"}],"author":[{"embeddable":true,"href":"https:\/\/elterritorialweb.com.ar\/web\/wp-json\/wp\/v2\/users\/2"}],"replies":[{"embeddable":true,"href":"https:\/\/elterritorialweb.com.ar\/web\/wp-json\/wp\/v2\/comments?post=13719"}],"version-history":[{"count":1,"href":"https:\/\/elterritorialweb.com.ar\/web\/wp-json\/wp\/v2\/posts\/13719\/revisions"}],"predecessor-version":[{"id":13720,"href":"https:\/\/elterritorialweb.com.ar\/web\/wp-json\/wp\/v2\/posts\/13719\/revisions\/13720"}],"wp:featuredmedia":[{"embeddable":true,"href":"https:\/\/elterritorialweb.com.ar\/web\/wp-json\/wp\/v2\/media\/11441"}],"wp:attachment":[{"href":"https:\/\/elterritorialweb.com.ar\/web\/wp-json\/wp\/v2\/media?parent=13719"}],"wp:term":[{"taxonomy":"category","embeddable":true,"href":"https:\/\/elterritorialweb.com.ar\/web\/wp-json\/wp\/v2\/categories?post=13719"},{"taxonomy":"post_tag","embeddable":true,"href":"https:\/\/elterritorialweb.com.ar\/web\/wp-json\/wp\/v2\/tags?post=13719"}],"curies":[{"name":"wp","href":"https:\/\/api.w.org\/{rel}","templated":true}]}}