{"id":13721,"date":"2020-11-24T20:49:52","date_gmt":"2020-11-24T20:49:52","guid":{"rendered":"http:\/\/elterritorialweb.com.ar\/web\/?p=13721"},"modified":"2020-11-24T20:49:53","modified_gmt":"2020-11-24T20:49:53","slug":"la-banda-diagramo-la-vuelta-del-transporte-publico-con-estrictas-medidas-de-bioseguridad","status":"publish","type":"post","link":"https:\/\/elterritorialweb.com.ar\/web\/la-banda-diagramo-la-vuelta-del-transporte-publico-con-estrictas-medidas-de-bioseguridad\/","title":{"rendered":"LA BANDA DIAGRAM\u00d3 LA VUELTA DEL TRANSPORTE P\u00daBLICO CON ESTRICTAS MEDIDAS DE BIOSEGURIDAD"},"content":{"rendered":"\n<p>Previamente, las autoridades del \u00e1rea mantuvieron una reuni\u00f3n con los propietarios de las l\u00edneas que circulan en la ciudad y se present\u00f3 el protocolo de actuaci\u00f3n y bioseguridad con el que se restablecer\u00e1 el servicio.<\/p>\n\n\n\n<p>El coordinador Diego Ju\u00e1rez presidi\u00f3 la reuni\u00f3n en la que se acordaron las medidas que se establecer\u00e1n para garantizar el normal y seguro funcionamiento del transporte p\u00fablico.<\/p>\n\n\n\n<p>Al respecto, Ju\u00e1rez se\u00f1al\u00f3: \u00abEl regreso del transporte p\u00fablico de pasajeros es un alivio para el bolsillo de los ciudadanos que vieron perjudicados en su econom\u00eda por la suspensi\u00f3n de este servicio, es algo muy esperado y sabemos que debemos mantener el compromiso de cuidar la salud de los vecinos por eso volvimos a presentar el protocolo de actuaci\u00f3n y cuidados que se deben tener en cuenta\u00bb.<\/p>\n\n\n\n<p>Agreg\u00f3: \u00abEn una reuni\u00f3n que tuvimos le pedimos a los propietarios de las l\u00edneas urbanas que trabajan en la ciudad que hagan cumplir los protocolos, que no sobrepasen la cantidad de personas permitidas por veh\u00edculo y que respeten el horario de circulaci\u00f3n que fue establecido desde el Gobierno Provincial y as\u00ed evitar\u00e1n sanciones\u00bb.\u00a0<\/p>\n\n\n\n<p><strong>Protocolo sanitario\u00a0<\/strong><\/p>\n\n\n\n<p>Se estableci\u00f3 que los d\u00edas y horarios de este servicio ser\u00e1n de lunes a domingos, de 5.30 a 21.15.<\/p>\n\n\n\n<p>Los ch\u00f3feres usar\u00e1n barbijos y estar\u00e1n rodeados por una barrera pl\u00e1stica en su \u00e1rea de trabajo que los separar\u00e1 de los pasajeros. Tambi\u00e9n tendr\u00e1n disponible alcohol en gel para los usuarios.<\/p>\n\n\n\n<p>La cantidad de pasajeros que podr\u00e1 subir a cada unidad es equivalente a la cantidad de asientos que posean, es decir, si un colectivo cuenta con 30 asientos s\u00f3lo pueden subir 30 personas, una por asiento.<\/p>\n\n\n\n<p>De no cumplir los requisitos mencionados anteriormente, el chofer ser\u00e1 pasible de una multa al igual que la empresa, y la unidad ser\u00e1 retenida de forma preventiva.<\/p>\n\n\n\n<p>Tambi\u00e9n se establecieron medidas de prevenci\u00f3n para las paradas de colectivos, por ejemplo, en cada parada no podr\u00e1 haber m\u00e1s de 10 personas y la espera deber\u00e1 ser formando una fila, de manera ordenada y respetando la distancia de dos metros entre cada persona.<\/p>\n\n\n\n<p>En estos puntos tambi\u00e9n se encontrar\u00e1n personal de la Secretar\u00eda de Servicios P\u00fablicos para desinfectar las barandas y asientos de los colectivos.<\/p>\n","protected":false},"excerpt":{"rendered":"<p>La Direcci\u00f3n de Tr\u00e1nsito y Transporte Urbano de la Municipalidad de La Banda present\u00f3 el protocolo de bioseguridad por la pandemia de Covid 19 que se deber\u00e1 aplicar, tanto para usuarios como choferes, a partir de este jueves 26 de noviembre en todos los servicios de transporte p\u00fablico de pasajeros de las l\u00edneas urbanas e interurbanas que operan en la ciudad.<\/p>\n","protected":false},"author":2,"featured_media":13722,"comment_status":"open","ping_status":"open","sticky":false,"template":"","format":"standard","meta":{"om_disable_all_campaigns":false,"_monsterinsights_skip_tracking":false,"_monsterinsights_sitenote_active":false,"_monsterinsights_sitenote_note":"","_monsterinsights_sitenote_category":0,"_uf_show_specific_survey":0,"_uf_disable_surveys":false,"jetpack_post_was_ever_published":false,"_jetpack_newsletter_access":"","_jetpack_dont_email_post_to_subs":false,"_jetpack_newsletter_tier_id":0,"_jetpack_memberships_contains_paywalled_content":false,"_jetpack_memberships_contains_paid_content":false,"footnotes":"","jetpack_publicize_message":"","jetpack_publicize_feature_enabled":true,"jetpack_social_post_already_shared":false,"jetpack_social_options":{"image_generator_settings":{"template":"highway","default_image_id":0,"font":"","enabled":false},"version":2}},"categories":[21],"tags":[],"class_list":["post-13721","post","type-post","status-publish","format-standard","has-post-thumbnail","hentry","category-locales"],"aioseo_notices":[],"views":4,"jetpack_publicize_connections":[],"jetpack_featured_media_url":"https:\/\/i0.wp.com\/elterritorialweb.com.ar\/web\/wp-content\/uploads\/2020\/11\/LA-BANDA-TRANSPORTE.jpeg?fit=1024%2C768&ssl=1","jetpack_sharing_enabled":true,"_links":{"self":[{"href":"https:\/\/elterritorialweb.com.ar\/web\/wp-json\/wp\/v2\/posts\/13721","targetHints":{"allow":["GET"]}}],"collection":[{"href":"https:\/\/elterritorialweb.com.ar\/web\/wp-json\/wp\/v2\/posts"}],"about":[{"href":"https:\/\/elterritorialweb.com.ar\/web\/wp-json\/wp\/v2\/types\/post"}],"author":[{"embeddable":true,"href":"https:\/\/elterritorialweb.com.ar\/web\/wp-json\/wp\/v2\/users\/2"}],"replies":[{"embeddable":true,"href":"https:\/\/elterritorialweb.com.ar\/web\/wp-json\/wp\/v2\/comments?post=13721"}],"version-history":[{"count":1,"href":"https:\/\/elterritorialweb.com.ar\/web\/wp-json\/wp\/v2\/posts\/13721\/revisions"}],"predecessor-version":[{"id":13723,"href":"https:\/\/elterritorialweb.com.ar\/web\/wp-json\/wp\/v2\/posts\/13721\/revisions\/13723"}],"wp:featuredmedia":[{"embeddable":true,"href":"https:\/\/elterritorialweb.com.ar\/web\/wp-json\/wp\/v2\/media\/13722"}],"wp:attachment":[{"href":"https:\/\/elterritorialweb.com.ar\/web\/wp-json\/wp\/v2\/media?parent=13721"}],"wp:term":[{"taxonomy":"category","embeddable":true,"href":"https:\/\/elterritorialweb.com.ar\/web\/wp-json\/wp\/v2\/categories?post=13721"},{"taxonomy":"post_tag","embeddable":true,"href":"https:\/\/elterritorialweb.com.ar\/web\/wp-json\/wp\/v2\/tags?post=13721"}],"curies":[{"name":"wp","href":"https:\/\/api.w.org\/{rel}","templated":true}]}}