{"id":13725,"date":"2020-11-24T21:04:46","date_gmt":"2020-11-24T21:04:46","guid":{"rendered":"http:\/\/elterritorialweb.com.ar\/web\/?p=13725"},"modified":"2020-11-25T01:04:07","modified_gmt":"2020-11-25T01:04:07","slug":"alerta-banda-atraparon-al-satiro-de-la-moto","status":"publish","type":"post","link":"https:\/\/elterritorialweb.com.ar\/web\/alerta-banda-atraparon-al-satiro-de-la-moto\/","title":{"rendered":"ALERTA BANDA: ATRAPARON AL \u00abS\u00c1TIRO DE LA MOTO\u00bb"},"content":{"rendered":"\n<p>Seg\u00fan informaron las autoridades del Programa Municipal de Seguridad, el registro de im\u00e1genes aportado de distintas situaciones de acoso por parte del individuo permiti\u00f3 identificar el dominio y las caracter\u00edsticas de veh\u00edculos en el que se movilizaba.<br>De esta manera, se pudo precisar que especialmente en horas de la siesta sol\u00eda recorrer las principales arterias para agredir a mujeres pegando cachetadas en los gl\u00fateos, situaciones que en varias oportunidades provoc\u00f3 lesiones f\u00edsicas, adem\u00e1s de la indignaci\u00f3n y p\u00e1nico en sus v\u00edctimas.<br>Con toda la informaci\u00f3n aportada por Alerta Banda, la Polic\u00eda de la Provincia pudo montar el dispositivo para identificar r\u00e1pidamente al acusado y detenerlo cuando precisamente se movilizada en el veh\u00edculo se\u00f1alado. Al verificar su identidad se comprob\u00f3 que ya cuenta con antecedentes penales y es investigado tambi\u00e9n por otros delitos contra la propiedad.<\/p>\n","protected":false},"excerpt":{"rendered":"<p>Personal de Alerta Banda a trav\u00e9s de sus c\u00e1maras pudo detectar y atrapar a un sujeto que gan\u00f3 fama en las \u00faltimas semanas bajo el nombre de \u201cs\u00e1tiro de la moto\u201d, por sus frecuentes ataques a mujeres tanto en esta ciudad como en la Capital, a quienes sol\u00eda tocar sus partes \u00edntimas cuando se movilizaban en bicicleta.<\/p>\n","protected":false},"author":2,"featured_media":13726,"comment_status":"open","ping_status":"open","sticky":false,"template":"","format":"standard","meta":{"om_disable_all_campaigns":false,"_monsterinsights_skip_tracking":false,"_monsterinsights_sitenote_active":false,"_monsterinsights_sitenote_note":"","_monsterinsights_sitenote_category":0,"_uf_show_specific_survey":0,"_uf_disable_surveys":false,"jetpack_post_was_ever_published":false,"_jetpack_newsletter_access":"","_jetpack_dont_email_post_to_subs":false,"_jetpack_newsletter_tier_id":0,"_jetpack_memberships_contains_paywalled_content":false,"_jetpack_memberships_contains_paid_content":false,"footnotes":"","jetpack_publicize_message":"","jetpack_publicize_feature_enabled":true,"jetpack_social_post_already_shared":false,"jetpack_social_options":{"image_generator_settings":{"template":"highway","default_image_id":0,"font":"","enabled":false},"version":2}},"categories":[21],"tags":[],"class_list":["post-13725","post","type-post","status-publish","format-standard","has-post-thumbnail","hentry","category-locales"],"aioseo_notices":[],"views":6,"jetpack_publicize_connections":[],"jetpack_featured_media_url":"https:\/\/i0.wp.com\/elterritorialweb.com.ar\/web\/wp-content\/uploads\/2020\/11\/ALERTA-BANDA-EL-SATIRO-DE-LA-MOTO.jpeg?fit=1030%2C579&ssl=1","jetpack_sharing_enabled":true,"_links":{"self":[{"href":"https:\/\/elterritorialweb.com.ar\/web\/wp-json\/wp\/v2\/posts\/13725","targetHints":{"allow":["GET"]}}],"collection":[{"href":"https:\/\/elterritorialweb.com.ar\/web\/wp-json\/wp\/v2\/posts"}],"about":[{"href":"https:\/\/elterritorialweb.com.ar\/web\/wp-json\/wp\/v2\/types\/post"}],"author":[{"embeddable":true,"href":"https:\/\/elterritorialweb.com.ar\/web\/wp-json\/wp\/v2\/users\/2"}],"replies":[{"embeddable":true,"href":"https:\/\/elterritorialweb.com.ar\/web\/wp-json\/wp\/v2\/comments?post=13725"}],"version-history":[{"count":1,"href":"https:\/\/elterritorialweb.com.ar\/web\/wp-json\/wp\/v2\/posts\/13725\/revisions"}],"predecessor-version":[{"id":13727,"href":"https:\/\/elterritorialweb.com.ar\/web\/wp-json\/wp\/v2\/posts\/13725\/revisions\/13727"}],"wp:featuredmedia":[{"embeddable":true,"href":"https:\/\/elterritorialweb.com.ar\/web\/wp-json\/wp\/v2\/media\/13726"}],"wp:attachment":[{"href":"https:\/\/elterritorialweb.com.ar\/web\/wp-json\/wp\/v2\/media?parent=13725"}],"wp:term":[{"taxonomy":"category","embeddable":true,"href":"https:\/\/elterritorialweb.com.ar\/web\/wp-json\/wp\/v2\/categories?post=13725"},{"taxonomy":"post_tag","embeddable":true,"href":"https:\/\/elterritorialweb.com.ar\/web\/wp-json\/wp\/v2\/tags?post=13725"}],"curies":[{"name":"wp","href":"https:\/\/api.w.org\/{rel}","templated":true}]}}