{"id":13892,"date":"2020-11-27T01:15:05","date_gmt":"2020-11-27T01:15:05","guid":{"rendered":"http:\/\/elterritorialweb.com.ar\/web\/?p=13892"},"modified":"2020-11-27T01:15:37","modified_gmt":"2020-11-27T01:15:37","slug":"educacion-ofreciemiento-para-la-cobertura-de-cargos-docentes","status":"publish","type":"post","link":"https:\/\/elterritorialweb.com.ar\/web\/educacion-ofreciemiento-para-la-cobertura-de-cargos-docentes\/","title":{"rendered":"EDUCACI\u00d3N: OFRECIMIENTO PARA LA COBERTURA DE CARGOS DOCENTES"},"content":{"rendered":"\n<p>El Consejo General de Educaci\u00f3n a trav\u00e9s de la Direcci\u00f3n General de Nivel Primario, informa a los docentes inscriptos y clasificados en Listado de Orden de M\u00e9rito 2020, elaborado por la Junta de Calificaciones y Clasificaciones de Nivel Primario y Modalidades Educativas que, en el marco de las medidas sanitarias establecidas por COVID &#8211; 19, se realizar\u00e1 el ofrecimiento para la cobertura de cargos titulares y suplentes de primer grado del escalaf\u00f3n, a partir de las 00.00 hs. del d\u00eda S\u00e1bado 28 y hasta las 23.59 hs. del d\u00eda Domingo 29 de Noviembre de 2020. Para dicho acto, los interesados deber\u00e1n ingresar al \u201cCONSEJO VIRTUAL\u201d a trav\u00e9s del portal oficial del Consejo General de Educaci\u00f3n: www.cgesantiago.gob.ar y registrar su opci\u00f3n.<br>Los ofrecimientos son los siguientes: Escuela Superior N\u00b0 198 \u201cProvincia de San Luis\u201d (jornada simple) de Quimili, Dpto. Moreno; Centro Experimental \u201cMaximio S. Victoria\u201d N\u00b0 4 (jornada simple) de Fern\u00e1ndez, Dpto. Robles; Escuela Superior N\u00b0342 \u201cJos\u00e9 F.L. Castiglone\u201d (jornada simple) de la Ciudad Capital ; Escuela N\u00b0 388 \u201cDr. Gumersindo Sayago\u201d (jornada simple) de la ciudad Capital; Escuela N\u00b0 389 \u201cDr. Antenor \u00c1lvarez \u201d (jornada simple) de la ciudad Capital ; Escuela N\u00b0 862 \u201cMadre de la Merced\u201d (jornada completa ) de Los Pereyra, Dpto. Robles ; Escuela N\u00b0 29 \u201cNarciso Laprida\u201d (jornada simple) de la ciudad Capital ; Escuela N\u00b0 991 (jornada simple) de Chira , Dpto. Salavina ; Escuela N\u00b0 1047 (jornada simple) de Totora Pampa, Dpto. Loreto; Escuela N\u00b0 785 (jornada completa ) de Sol de Julio, Dpto. Ojo de Agua; Escuela N\u00b0 737 (jornada simple) de Pinto , Dpto. Aguirre y Escuela N\u00b0 724 (jornada simple) de El Bobadal, Dpto. Jim\u00e9nez.<\/p>\n","protected":false},"excerpt":{"rendered":"<p>CONSEJO GENERAL DE EDUCACI\u00d3N<\/p>\n","protected":false},"author":2,"featured_media":2607,"comment_status":"open","ping_status":"open","sticky":false,"template":"","format":"standard","meta":{"om_disable_all_campaigns":false,"_monsterinsights_skip_tracking":false,"_monsterinsights_sitenote_active":false,"_monsterinsights_sitenote_note":"","_monsterinsights_sitenote_category":0,"_uf_show_specific_survey":0,"_uf_disable_surveys":false,"jetpack_post_was_ever_published":false,"_jetpack_newsletter_access":"","_jetpack_dont_email_post_to_subs":false,"_jetpack_newsletter_tier_id":0,"_jetpack_memberships_contains_paywalled_content":false,"_jetpack_memberships_contains_paid_content":false,"footnotes":"","jetpack_publicize_message":"","jetpack_publicize_feature_enabled":true,"jetpack_social_post_already_shared":false,"jetpack_social_options":{"image_generator_settings":{"template":"highway","default_image_id":0,"font":"","enabled":false},"version":2}},"categories":[19],"tags":[],"class_list":["post-13892","post","type-post","status-publish","format-standard","has-post-thumbnail","hentry","category-educacion"],"aioseo_notices":[],"views":5,"jetpack_publicize_connections":[],"jetpack_featured_media_url":"https:\/\/i0.wp.com\/elterritorialweb.com.ar\/web\/wp-content\/uploads\/2020\/03\/CONSEJO-GRAL-EDUC.jpg?fit=275%2C183&ssl=1","jetpack_sharing_enabled":true,"_links":{"self":[{"href":"https:\/\/elterritorialweb.com.ar\/web\/wp-json\/wp\/v2\/posts\/13892","targetHints":{"allow":["GET"]}}],"collection":[{"href":"https:\/\/elterritorialweb.com.ar\/web\/wp-json\/wp\/v2\/posts"}],"about":[{"href":"https:\/\/elterritorialweb.com.ar\/web\/wp-json\/wp\/v2\/types\/post"}],"author":[{"embeddable":true,"href":"https:\/\/elterritorialweb.com.ar\/web\/wp-json\/wp\/v2\/users\/2"}],"replies":[{"embeddable":true,"href":"https:\/\/elterritorialweb.com.ar\/web\/wp-json\/wp\/v2\/comments?post=13892"}],"version-history":[{"count":2,"href":"https:\/\/elterritorialweb.com.ar\/web\/wp-json\/wp\/v2\/posts\/13892\/revisions"}],"predecessor-version":[{"id":13894,"href":"https:\/\/elterritorialweb.com.ar\/web\/wp-json\/wp\/v2\/posts\/13892\/revisions\/13894"}],"wp:featuredmedia":[{"embeddable":true,"href":"https:\/\/elterritorialweb.com.ar\/web\/wp-json\/wp\/v2\/media\/2607"}],"wp:attachment":[{"href":"https:\/\/elterritorialweb.com.ar\/web\/wp-json\/wp\/v2\/media?parent=13892"}],"wp:term":[{"taxonomy":"category","embeddable":true,"href":"https:\/\/elterritorialweb.com.ar\/web\/wp-json\/wp\/v2\/categories?post=13892"},{"taxonomy":"post_tag","embeddable":true,"href":"https:\/\/elterritorialweb.com.ar\/web\/wp-json\/wp\/v2\/tags?post=13892"}],"curies":[{"name":"wp","href":"https:\/\/api.w.org\/{rel}","templated":true}]}}