{"id":14491,"date":"2020-12-09T22:40:31","date_gmt":"2020-12-09T22:40:31","guid":{"rendered":"http:\/\/elterritorialweb.com.ar\/web\/?p=14491"},"modified":"2020-12-10T00:32:43","modified_gmt":"2020-12-10T00:32:43","slug":"reunion-de-trabajo-entre-autoridades-sanitarias-de-nacion-pprovincia","status":"publish","type":"post","link":"https:\/\/elterritorialweb.com.ar\/web\/reunion-de-trabajo-entre-autoridades-sanitarias-de-nacion-pprovincia\/","title":{"rendered":"REUNI\u00d3N DE TRABAJO ENTRE AUTORIDADES SANITARIAS DE NACI\u00d3N Y PROVINCIA"},"content":{"rendered":"\n<p>Tambi\u00e9n abordaron estrategias sanitarias relacionadas a los recursos humanos y a la regionalizaci\u00f3n de la salud perinatal.<\/p>\n\n\n\n<p>La reuni\u00f3n fue coordinada por la ministra de Salud, Natividad Nassif y el<br>subsecretario C\u00e9sar Monti, mientras que la delegaci\u00f3n nacional estuvo encabezada por la subsecretaria de Calidad, Regulaci\u00f3n y Fiscalizaci\u00f3n, Judit D\u00edaz Baz\u00e1n e integrada por Marcelo Bellone, director de Intervenci\u00f3n en Cursos de Vida, la directora en estrategias de financiamiento, Mar\u00eda Clara Zerbino y de la Direcci\u00f3n de Enfermer\u00eda, Victoria Enr\u00edquez.<\/p>\n\n\n\n<p>Durante la jornada se evaluaron diferentes aspectos de log\u00edstica, organizaci\u00f3n, recursos humanos y equipamiento necesario para la implementaci\u00f3n de la campa\u00f1a de vacunaci\u00f3n contra el COVID-19, a partir de una presentaci\u00f3n del plan realizada por la jefa del Programa de Inmunizaciones, Florencia Coronel y la directora de Atenci\u00f3n Primaria,<br>Martha Tarchini. <\/p>\n\n\n\n<p>Tambi\u00e9n participaron directores de las maternidades de Capital y La Banda y de distintas \u00e1reas de la cartera sanitaria.<\/p>\n\n\n\n<p>En la apertura, la ministra Natividad Nassif transmiti\u00f3 el apoyo del gobernador Gerardo Zamora a esta instancia de coordinaci\u00f3n y asegur\u00f3 que desde que asumi\u00f3 Gin\u00e9s Gonz\u00e1lez Garc\u00eda, \u201cexiste una mirada m\u00e1s federal del sistema de salud y esto hoy se ve reafirmado. <\/p>\n\n\n\n<p>Estamos tomando decisiones en conjunto y, de esta manera, se resolvieron muchas cuestiones que generaron una malla necesaria para garantizar la atenci\u00f3n para todos en medio de la pandemia\u201d, destac\u00f3 la ministra.<\/p>\n\n\n\n<p>Por su parte, el Dr. Monti &nbsp;agradeci\u00f3 al Ministerio de Salud de la Naci\u00f3n,<br>\u201csobre todo por la federalizaci\u00f3n y la participaci\u00f3n. Estamos seguro que<br>nos falta mucho por hacer, pero estamos avanzando con mucha comunicaci\u00f3n permanente todos los d\u00edas en el trabajo\u201d.<\/p>\n\n\n\n<p>La funcionaria nacional, Judit D\u00edaz Baz\u00e1n, asegur\u00f3 que desde la Naci\u00f3n, se<br>busca fomentar permanentemente adaptar las acciones a las necesidades y a la idiosincrasia de cada provincia y explic\u00f3 que se est\u00e1 trabajando en \u201ccu\u00e1l va ser la mejor estrategia para llevar a cabo la inmunizaci\u00f3n, sin dejar de lado otros temas tan importantes. La intenci\u00f3n es planificar qu\u00e9 poblaci\u00f3n objetivo va a vacunarse, programar los tiempos, qu\u00e9 sitios se van a tomar para referencia en la provincia y a su vez trabajar fuertemente con la secretaria de equidad en los registros adecuados, poder vincular programas que ya existen como REDES, PROTEGER, SUMAR entre otros para la localizaci\u00f3n geogr\u00e1fica de la poblaci\u00f3n donde vive y donde va a buscar la vacuna tempranamente\u201d Los equipos de la provincia tambi\u00e9n trabajaron junto a la Secretaria de acceso en la vigilancia &nbsp;de la regionalizaci\u00f3n de maternidades.<\/p>\n\n\n\n<p>Por \u00faltimo la funcionaria asegur\u00f3 que la vacuna es un complemento m\u00e1s&nbsp;&nbsp;para prevenir el COVID. \u201cEl aislamiento, diagn\u00f3stico temprano es<br>fundamental\u201d dijo, \u201c estamos en medio de un brote que todav\u00eda no<br>termin\u00f3 y la \u00fanica recomendaci\u00f3n que necesitamos es el compromiso del<br>ciudadano y que todos los gobernadores que han trabajado al lado del<br>presidente Alberto Fern\u00e1ndez, como el gobernador Dr. Gerardo Zamora,<br>sigan insistiendo con sus equipos en esto: la b\u00fasqueda de contacto, evitar<br>contagiar al otro, mantener lugares ventilados, usar tapabocas porque<br>este virus vino para quedarse y por mucho tiempo. La vacuna va hacer que<br>evitemos las formas graves pero no hace que cambiemos la prevenci\u00f3n\u201d<br>cerr\u00f3.<\/p>\n","protected":false},"excerpt":{"rendered":"<p>En el FORUM, los equipos de Salud del Ministerio de Salud de la Naci\u00f3n y de la Provincia realizaron una reuni\u00f3n de trabajo para avanzar en la coordinaci\u00f3n de diferentes aspectos del Plan de Vacunaci\u00f3n contra COVID-19. <\/p>\n","protected":false},"author":2,"featured_media":14495,"comment_status":"open","ping_status":"open","sticky":false,"template":"","format":"standard","meta":{"om_disable_all_campaigns":false,"_monsterinsights_skip_tracking":false,"_monsterinsights_sitenote_active":false,"_monsterinsights_sitenote_note":"","_monsterinsights_sitenote_category":0,"_uf_show_specific_survey":0,"_uf_disable_surveys":false,"jetpack_post_was_ever_published":false,"_jetpack_newsletter_access":"","_jetpack_dont_email_post_to_subs":false,"_jetpack_newsletter_tier_id":0,"_jetpack_memberships_contains_paywalled_content":false,"_jetpack_memberships_contains_paid_content":false,"footnotes":"","jetpack_publicize_message":"","jetpack_publicize_feature_enabled":true,"jetpack_social_post_already_shared":false,"jetpack_social_options":{"image_generator_settings":{"template":"highway","default_image_id":0,"font":"","enabled":false},"version":2}},"categories":[3],"tags":[],"class_list":["post-14491","post","type-post","status-publish","format-standard","has-post-thumbnail","hentry","category-salud"],"aioseo_notices":[],"views":3,"jetpack_publicize_connections":[],"jetpack_featured_media_url":"https:\/\/i0.wp.com\/elterritorialweb.com.ar\/web\/wp-content\/uploads\/2020\/12\/715x402_reunion-vacunacion-367703-191121.jpg?fit=715%2C402&ssl=1","jetpack_sharing_enabled":true,"_links":{"self":[{"href":"https:\/\/elterritorialweb.com.ar\/web\/wp-json\/wp\/v2\/posts\/14491","targetHints":{"allow":["GET"]}}],"collection":[{"href":"https:\/\/elterritorialweb.com.ar\/web\/wp-json\/wp\/v2\/posts"}],"about":[{"href":"https:\/\/elterritorialweb.com.ar\/web\/wp-json\/wp\/v2\/types\/post"}],"author":[{"embeddable":true,"href":"https:\/\/elterritorialweb.com.ar\/web\/wp-json\/wp\/v2\/users\/2"}],"replies":[{"embeddable":true,"href":"https:\/\/elterritorialweb.com.ar\/web\/wp-json\/wp\/v2\/comments?post=14491"}],"version-history":[{"count":2,"href":"https:\/\/elterritorialweb.com.ar\/web\/wp-json\/wp\/v2\/posts\/14491\/revisions"}],"predecessor-version":[{"id":14497,"href":"https:\/\/elterritorialweb.com.ar\/web\/wp-json\/wp\/v2\/posts\/14491\/revisions\/14497"}],"wp:featuredmedia":[{"embeddable":true,"href":"https:\/\/elterritorialweb.com.ar\/web\/wp-json\/wp\/v2\/media\/14495"}],"wp:attachment":[{"href":"https:\/\/elterritorialweb.com.ar\/web\/wp-json\/wp\/v2\/media?parent=14491"}],"wp:term":[{"taxonomy":"category","embeddable":true,"href":"https:\/\/elterritorialweb.com.ar\/web\/wp-json\/wp\/v2\/categories?post=14491"},{"taxonomy":"post_tag","embeddable":true,"href":"https:\/\/elterritorialweb.com.ar\/web\/wp-json\/wp\/v2\/tags?post=14491"}],"curies":[{"name":"wp","href":"https:\/\/api.w.org\/{rel}","templated":true}]}}