{"id":14492,"date":"2020-12-09T22:25:10","date_gmt":"2020-12-09T22:25:10","guid":{"rendered":"http:\/\/elterritorialweb.com.ar\/web\/?p=14492"},"modified":"2020-12-09T22:25:11","modified_gmt":"2020-12-09T22:25:11","slug":"este-jueves-10-se-paga-a-beneficiarios-del-programa-de-ayuda-a-trabajadores-de-la-cultura-turismo-y-deportes","status":"publish","type":"post","link":"https:\/\/elterritorialweb.com.ar\/web\/este-jueves-10-se-paga-a-beneficiarios-del-programa-de-ayuda-a-trabajadores-de-la-cultura-turismo-y-deportes\/","title":{"rendered":"ESTE JUEVES 10 SE PAGA A BENEFICIARIOS DEL PROGRAMA DE AYUDA A TRABAJADORES DE LA CULTURA TURISMO Y DEPORTES"},"content":{"rendered":"\n<p>El 21 se abonar\u00e1 bono de 12.000 anunciado para los programas provinciales Jefatura de Gabinete de Ministros, informa que este jueves 10 de diciembre se efectivizar\u00e1, a trav\u00e9s de la entidad bancaria correspondiente, el s\u00e9ptimo pago de las Ayudas Econ\u00f3micas destinadas a 4.205 beneficiarios integrantes de \u201cComunidades Culturales, Deportivas, Tur\u00edsticas y del Sector Productivo de la Provincia\u201d, que vieron resentirse notablemente sus ingresos por la imposibilidad de desarrollar actividades laborales como consecuencia de la pandemia de COVID 19. \u200b<\/p>\n\n\n\n<p>Que as\u00ed mismo y tal como fuera anunciado por el Jefe de Gabinete El\u00edas Miguel Suarez, siguiendo expresas instrucciones impartidas por el Se\u00f1or Gobernador de la Provincia Dr. Gerardo Zamora, con fecha 21 de diciembre se efectivizar\u00e1 el pago del Bono de 12.000 pesos Anunciado para los planes provinciales \u201d<\/p>\n","protected":false},"excerpt":{"rendered":"<p>PROGRAMA PROVINCIALES<\/p>\n","protected":false},"author":2,"featured_media":14493,"comment_status":"open","ping_status":"open","sticky":false,"template":"","format":"standard","meta":{"om_disable_all_campaigns":false,"_monsterinsights_skip_tracking":false,"_monsterinsights_sitenote_active":false,"_monsterinsights_sitenote_note":"","_monsterinsights_sitenote_category":0,"_uf_show_specific_survey":0,"_uf_disable_surveys":false,"jetpack_post_was_ever_published":false,"_jetpack_newsletter_access":"","_jetpack_dont_email_post_to_subs":false,"_jetpack_newsletter_tier_id":0,"_jetpack_memberships_contains_paywalled_content":false,"_jetpack_memberships_contains_paid_content":false,"footnotes":"","jetpack_publicize_message":"","jetpack_publicize_feature_enabled":true,"jetpack_social_post_already_shared":false,"jetpack_social_options":{"image_generator_settings":{"template":"highway","default_image_id":0,"font":"","enabled":false},"version":2}},"categories":[21],"tags":[],"class_list":["post-14492","post","type-post","status-publish","format-standard","has-post-thumbnail","hentry","category-locales"],"aioseo_notices":[],"views":5,"jetpack_publicize_connections":[],"jetpack_featured_media_url":"https:\/\/i0.wp.com\/elterritorialweb.com.ar\/web\/wp-content\/uploads\/2020\/12\/PAGO-A-CULTURA.jpg?fit=960%2C533&ssl=1","jetpack_sharing_enabled":true,"_links":{"self":[{"href":"https:\/\/elterritorialweb.com.ar\/web\/wp-json\/wp\/v2\/posts\/14492","targetHints":{"allow":["GET"]}}],"collection":[{"href":"https:\/\/elterritorialweb.com.ar\/web\/wp-json\/wp\/v2\/posts"}],"about":[{"href":"https:\/\/elterritorialweb.com.ar\/web\/wp-json\/wp\/v2\/types\/post"}],"author":[{"embeddable":true,"href":"https:\/\/elterritorialweb.com.ar\/web\/wp-json\/wp\/v2\/users\/2"}],"replies":[{"embeddable":true,"href":"https:\/\/elterritorialweb.com.ar\/web\/wp-json\/wp\/v2\/comments?post=14492"}],"version-history":[{"count":1,"href":"https:\/\/elterritorialweb.com.ar\/web\/wp-json\/wp\/v2\/posts\/14492\/revisions"}],"predecessor-version":[{"id":14494,"href":"https:\/\/elterritorialweb.com.ar\/web\/wp-json\/wp\/v2\/posts\/14492\/revisions\/14494"}],"wp:featuredmedia":[{"embeddable":true,"href":"https:\/\/elterritorialweb.com.ar\/web\/wp-json\/wp\/v2\/media\/14493"}],"wp:attachment":[{"href":"https:\/\/elterritorialweb.com.ar\/web\/wp-json\/wp\/v2\/media?parent=14492"}],"wp:term":[{"taxonomy":"category","embeddable":true,"href":"https:\/\/elterritorialweb.com.ar\/web\/wp-json\/wp\/v2\/categories?post=14492"},{"taxonomy":"post_tag","embeddable":true,"href":"https:\/\/elterritorialweb.com.ar\/web\/wp-json\/wp\/v2\/tags?post=14492"}],"curies":[{"name":"wp","href":"https:\/\/api.w.org\/{rel}","templated":true}]}}