{"id":14501,"date":"2020-12-10T01:01:29","date_gmt":"2020-12-10T01:01:29","guid":{"rendered":"http:\/\/elterritorialweb.com.ar\/web\/?p=14501"},"modified":"2020-12-10T01:01:30","modified_gmt":"2020-12-10T01:01:30","slug":"educacion-calificacion-y-clasificacion-ordinaria-provisoria-2021","status":"publish","type":"post","link":"https:\/\/elterritorialweb.com.ar\/web\/educacion-calificacion-y-clasificacion-ordinaria-provisoria-2021\/","title":{"rendered":"EDUCACI\u00d3N: CALIFICACI\u00d3N Y CLASIFICACI\u00d3N ORDINARIA PROVISORIA 2021"},"content":{"rendered":"\n<p>El Consejo General de Educaci\u00f3n, a trav\u00e9s de las Juntas de Calificaciones y Clasificaciones de los Niveles Inicial, Primario y Modalidades, Secundario y<br>Superior, comunica a la docencia en general que la calificaci\u00f3n y clasificaci\u00f3n ordinaria provisoria 2.021 estar\u00e1 disponible a partir del d\u00eda jueves 10 del corriente mes y a\u00f1o, a trav\u00e9s de la p\u00e1gina: <strong>http:\/\/consejovirtual.cgesantiago.gob.ar\/<\/strong><br>El periodo de tachas correspondiente inicia en la fecha arriba mencionada, por el t\u00e9rmino de 5 d\u00edas h\u00e1biles.<br>Asimismo, se informa que los reclamos se efect\u00faan solo de manera online, accediendo a la pesta\u00f1a \u201creclamos LOM provisorio\u201d, integrada al consejo<br>virtual.<\/p>\n","protected":false},"excerpt":{"rendered":"<p>CONSEJO GENERAL DE EDUCACI\u00d3N<\/p>\n","protected":false},"author":2,"featured_media":2607,"comment_status":"open","ping_status":"open","sticky":false,"template":"","format":"standard","meta":{"om_disable_all_campaigns":false,"_monsterinsights_skip_tracking":false,"_monsterinsights_sitenote_active":false,"_monsterinsights_sitenote_note":"","_monsterinsights_sitenote_category":0,"_uf_show_specific_survey":0,"_uf_disable_surveys":false,"jetpack_post_was_ever_published":false,"_jetpack_newsletter_access":"","_jetpack_dont_email_post_to_subs":false,"_jetpack_newsletter_tier_id":0,"_jetpack_memberships_contains_paywalled_content":false,"_jetpack_memberships_contains_paid_content":false,"footnotes":"","jetpack_publicize_message":"","jetpack_publicize_feature_enabled":true,"jetpack_social_post_already_shared":false,"jetpack_social_options":{"image_generator_settings":{"template":"highway","default_image_id":0,"font":"","enabled":false},"version":2}},"categories":[19],"tags":[],"class_list":["post-14501","post","type-post","status-publish","format-standard","has-post-thumbnail","hentry","category-educacion"],"aioseo_notices":[],"views":4,"jetpack_publicize_connections":[],"jetpack_featured_media_url":"https:\/\/i0.wp.com\/elterritorialweb.com.ar\/web\/wp-content\/uploads\/2020\/03\/CONSEJO-GRAL-EDUC.jpg?fit=275%2C183&ssl=1","jetpack_sharing_enabled":true,"_links":{"self":[{"href":"https:\/\/elterritorialweb.com.ar\/web\/wp-json\/wp\/v2\/posts\/14501","targetHints":{"allow":["GET"]}}],"collection":[{"href":"https:\/\/elterritorialweb.com.ar\/web\/wp-json\/wp\/v2\/posts"}],"about":[{"href":"https:\/\/elterritorialweb.com.ar\/web\/wp-json\/wp\/v2\/types\/post"}],"author":[{"embeddable":true,"href":"https:\/\/elterritorialweb.com.ar\/web\/wp-json\/wp\/v2\/users\/2"}],"replies":[{"embeddable":true,"href":"https:\/\/elterritorialweb.com.ar\/web\/wp-json\/wp\/v2\/comments?post=14501"}],"version-history":[{"count":1,"href":"https:\/\/elterritorialweb.com.ar\/web\/wp-json\/wp\/v2\/posts\/14501\/revisions"}],"predecessor-version":[{"id":14502,"href":"https:\/\/elterritorialweb.com.ar\/web\/wp-json\/wp\/v2\/posts\/14501\/revisions\/14502"}],"wp:featuredmedia":[{"embeddable":true,"href":"https:\/\/elterritorialweb.com.ar\/web\/wp-json\/wp\/v2\/media\/2607"}],"wp:attachment":[{"href":"https:\/\/elterritorialweb.com.ar\/web\/wp-json\/wp\/v2\/media?parent=14501"}],"wp:term":[{"taxonomy":"category","embeddable":true,"href":"https:\/\/elterritorialweb.com.ar\/web\/wp-json\/wp\/v2\/categories?post=14501"},{"taxonomy":"post_tag","embeddable":true,"href":"https:\/\/elterritorialweb.com.ar\/web\/wp-json\/wp\/v2\/tags?post=14501"}],"curies":[{"name":"wp","href":"https:\/\/api.w.org\/{rel}","templated":true}]}}