{"id":14515,"date":"2020-12-10T14:38:57","date_gmt":"2020-12-10T14:38:57","guid":{"rendered":"http:\/\/elterritorialweb.com.ar\/web\/?p=14515"},"modified":"2020-12-10T15:21:50","modified_gmt":"2020-12-10T15:21:50","slug":"en-vivo-alberto-fernandez-la-vacuna-no-resuelve-la-pandemia","status":"publish","type":"post","link":"https:\/\/elterritorialweb.com.ar\/web\/en-vivo-alberto-fernandez-la-vacuna-no-resuelve-la-pandemia\/","title":{"rendered":"ALBERTO FERN\u00c1NDEZ \u00abLA VACUNA NO RESUELVE LA PANDEMIA\u00bb"},"content":{"rendered":"\n<p>El presidente Alberto Fern\u00e1ndez afirm\u00f3 este jueves que el pa\u00eds contar\u00e1 con \u00ab600 mil dosis de vacunas contra el coronavirus para vacunar a 330 mil personas antes de fin de a\u00f1o\u00bb.<\/p>\n\n\n\n<p>\u00abEn enero se vacunar\u00e1n 5 millones de personas m\u00e1s y en febrero se completar\u00e1 el resto\u00bb, dijo el mandatario, acompa\u00f1ado por el ministro de Salud, Gin\u00e9s Gonz\u00e1lez Garc\u00eda, en la Casa de Gobierno.<\/p>\n\n\n\n<p>Fern\u00e1ndez dijo que ser\u00e1 \u00abel primero\u00bb en darse la vacuna rusa contra el coronavirus cuando llegue al pa\u00eds, antes de fin de a\u00f1o.<\/p>\n\n\n\n<p>Anunci\u00f3 que en los pr\u00f3ximos d\u00edas viajar\u00e1n a Rusia funcionarios argentinos, luego de que ayer se firmara el contrato con ese pa\u00eds para la provisi\u00f3n de la vacuna contra el coronavirus.<\/p>\n\n\n\n<figure class=\"wp-block-image size-large\"><img data-recalc-dims=\"1\" decoding=\"async\" width=\"640\" height=\"360\" data-src=\"https:\/\/i0.wp.com\/elterritorialweb.com.ar\/web\/wp-content\/uploads\/2020\/12\/alberto-y-gines.jpg?resize=640%2C360\" alt=\"\" class=\"wp-image-14520 lazyload\" data-srcset=\"https:\/\/i0.wp.com\/elterritorialweb.com.ar\/web\/wp-content\/uploads\/2020\/12\/alberto-y-gines.jpg?w=1004&amp;ssl=1 1004w, https:\/\/i0.wp.com\/elterritorialweb.com.ar\/web\/wp-content\/uploads\/2020\/12\/alberto-y-gines.jpg?resize=300%2C169&amp;ssl=1 300w, https:\/\/i0.wp.com\/elterritorialweb.com.ar\/web\/wp-content\/uploads\/2020\/12\/alberto-y-gines.jpg?resize=768%2C432&amp;ssl=1 768w\" data-sizes=\"(max-width: 640px) 100vw, 640px\" src=\"data:image\/svg+xml;base64,PHN2ZyB3aWR0aD0iMSIgaGVpZ2h0PSIxIiB4bWxucz0iaHR0cDovL3d3dy53My5vcmcvMjAwMC9zdmciPjwvc3ZnPg==\" style=\"--smush-placeholder-width: 640px; --smush-placeholder-aspect-ratio: 640\/360;\" \/><\/figure>\n\n\n\n<p>\u00abHemos venido a informarles que en el d\u00eda de ayer hemos suscripto el contrato que nos garantiza la provisi\u00f3n de vacunas rusas para la Argentina. Es el tercero que firma el pa\u00eds: el primero fue con AstraZeneca y el segundo con Covax, el fondo de la OPS\u00bb, dijo el mandatario.<\/p>\n\n\n\n<p>El presidente Alberto Fern\u00e1ndez pidi\u00f3 \u00abentender que la vacuna no resolvi\u00f3\u00bb a\u00fan el problema de la pandemia del coronavirus e hizo un \u00abllamado a la reflexi\u00f3n\u00bb ya que el virus sigue circulando y deben mantenerse los cuidados para evitar la propagaci\u00f3n de la enfermedad.<\/p>\n\n\n\n<p>\u00abEn el mientras tanto hay que seguir cuid\u00e1ndose\u00bb, enfatiz\u00f3 el mandatario en una conferencia de prensa en la Casa de Gobierno, donde agradeci\u00f3 especialmente al presidente de Rusia, Vladimir Putin, por \u00abhaberse ocupado personalmente\u00bb de las negociaciones con la Argentina por la vacuna.<\/p>\n\n\n\n<figure class=\"wp-block-embed-youtube wp-block-embed is-type-video is-provider-youtube wp-embed-aspect-4-3 wp-has-aspect-ratio\"><div class=\"wp-block-embed__wrapper\">\n<iframe title=\"Anuncio del presidente Alberto Fern\u00e1ndez y el ministro de Salud, Gin\u00e9s Gonz\u00e1lez Garc\u00eda\" width=\"640\" height=\"360\" data-src=\"https:\/\/www.youtube.com\/embed\/VybLccS3HVw?feature=oembed\" frameborder=\"0\" allow=\"accelerometer; autoplay; clipboard-write; encrypted-media; gyroscope; picture-in-picture; web-share\" referrerpolicy=\"strict-origin-when-cross-origin\" allowfullscreen src=\"data:image\/svg+xml;base64,PHN2ZyB3aWR0aD0iMSIgaGVpZ2h0PSIxIiB4bWxucz0iaHR0cDovL3d3dy53My5vcmcvMjAwMC9zdmciPjwvc3ZnPg==\" class=\"lazyload\" data-load-mode=\"1\"><\/iframe>\n<\/div><\/figure>\n","protected":false},"excerpt":{"rendered":"<p>El presidente Alberto Fern\u00e1ndez junto al Ministro de Salud de la Naci\u00f3n Gin\u00e9s Gonz\u00e1lez Garc\u00eda mantienen una conferencia de prensa en Casa Rosada.<\/p>\n","protected":false},"author":2,"featured_media":14516,"comment_status":"open","ping_status":"open","sticky":false,"template":"","format":"standard","meta":{"om_disable_all_campaigns":false,"_monsterinsights_skip_tracking":false,"_monsterinsights_sitenote_active":false,"_monsterinsights_sitenote_note":"","_monsterinsights_sitenote_category":0,"_uf_show_specific_survey":0,"_uf_disable_surveys":false,"jetpack_post_was_ever_published":false,"_jetpack_newsletter_access":"","_jetpack_dont_email_post_to_subs":false,"_jetpack_newsletter_tier_id":0,"_jetpack_memberships_contains_paywalled_content":false,"_jetpack_memberships_contains_paid_content":false,"footnotes":"","jetpack_publicize_message":"","jetpack_publicize_feature_enabled":true,"jetpack_social_post_already_shared":false,"jetpack_social_options":{"image_generator_settings":{"template":"highway","default_image_id":0,"font":"","enabled":false},"version":2}},"categories":[7],"tags":[],"class_list":["post-14515","post","type-post","status-publish","format-standard","has-post-thumbnail","hentry","category-nacionales"],"aioseo_notices":[],"views":7,"jetpack_publicize_connections":[],"jetpack_featured_media_url":"https:\/\/i0.wp.com\/elterritorialweb.com.ar\/web\/wp-content\/uploads\/2020\/12\/2020-12-10-2.png?fit=954%2C536&ssl=1","jetpack_sharing_enabled":true,"_links":{"self":[{"href":"https:\/\/elterritorialweb.com.ar\/web\/wp-json\/wp\/v2\/posts\/14515","targetHints":{"allow":["GET"]}}],"collection":[{"href":"https:\/\/elterritorialweb.com.ar\/web\/wp-json\/wp\/v2\/posts"}],"about":[{"href":"https:\/\/elterritorialweb.com.ar\/web\/wp-json\/wp\/v2\/types\/post"}],"author":[{"embeddable":true,"href":"https:\/\/elterritorialweb.com.ar\/web\/wp-json\/wp\/v2\/users\/2"}],"replies":[{"embeddable":true,"href":"https:\/\/elterritorialweb.com.ar\/web\/wp-json\/wp\/v2\/comments?post=14515"}],"version-history":[{"count":4,"href":"https:\/\/elterritorialweb.com.ar\/web\/wp-json\/wp\/v2\/posts\/14515\/revisions"}],"predecessor-version":[{"id":14521,"href":"https:\/\/elterritorialweb.com.ar\/web\/wp-json\/wp\/v2\/posts\/14515\/revisions\/14521"}],"wp:featuredmedia":[{"embeddable":true,"href":"https:\/\/elterritorialweb.com.ar\/web\/wp-json\/wp\/v2\/media\/14516"}],"wp:attachment":[{"href":"https:\/\/elterritorialweb.com.ar\/web\/wp-json\/wp\/v2\/media?parent=14515"}],"wp:term":[{"taxonomy":"category","embeddable":true,"href":"https:\/\/elterritorialweb.com.ar\/web\/wp-json\/wp\/v2\/categories?post=14515"},{"taxonomy":"post_tag","embeddable":true,"href":"https:\/\/elterritorialweb.com.ar\/web\/wp-json\/wp\/v2\/tags?post=14515"}],"curies":[{"name":"wp","href":"https:\/\/api.w.org\/{rel}","templated":true}]}}