{"id":14522,"date":"2020-12-10T23:39:10","date_gmt":"2020-12-10T23:39:10","guid":{"rendered":"http:\/\/elterritorialweb.com.ar\/web\/?p=14522"},"modified":"2020-12-10T23:39:12","modified_gmt":"2020-12-10T23:39:12","slug":"el-gobierno-provincial-entrego-240-viviendas-en-el-barrio-villa-del-carmen","status":"publish","type":"post","link":"https:\/\/elterritorialweb.com.ar\/web\/el-gobierno-provincial-entrego-240-viviendas-en-el-barrio-villa-del-carmen\/","title":{"rendered":"EL GOBIERNO PROVINCIAL ENTREG\u00d3 240 VIVIENDAS EN EL BARRIO VILLA DEL CARMEN"},"content":{"rendered":"\n<p>Del peque\u00f1o pero emotivo acto que se desarroll\u00f3 cumpliendo con todas las medidas de seguridad, impuestas por el Covid 19, participaron el ministro de Obras, Servicios P\u00fablicos, Agua y Medio Ambiente, Arq. Argentino Cambrini; subsecretario de Obras P\u00fablicas, Jorge Zuain; presidente del IPVU, Augusto Du Bois Goitia y la secretaria T\u00e9cnica, Sara Ayuch, entre otros. <\/p>\n\n\n\n<figure class=\"wp-block-image size-large\"><img data-recalc-dims=\"1\" decoding=\"async\" width=\"640\" height=\"448\" data-src=\"https:\/\/i0.wp.com\/elterritorialweb.com.ar\/web\/wp-content\/uploads\/2020\/12\/IPVU-VILLA-DEL-CARMEN-1.jpg?resize=640%2C448\" alt=\"\" class=\"wp-image-14524 lazyload\" data-srcset=\"https:\/\/i0.wp.com\/elterritorialweb.com.ar\/web\/wp-content\/uploads\/2020\/12\/IPVU-VILLA-DEL-CARMEN-1.jpg?resize=1024%2C716&amp;ssl=1 1024w, https:\/\/i0.wp.com\/elterritorialweb.com.ar\/web\/wp-content\/uploads\/2020\/12\/IPVU-VILLA-DEL-CARMEN-1.jpg?resize=300%2C210&amp;ssl=1 300w, https:\/\/i0.wp.com\/elterritorialweb.com.ar\/web\/wp-content\/uploads\/2020\/12\/IPVU-VILLA-DEL-CARMEN-1.jpg?resize=768%2C537&amp;ssl=1 768w, https:\/\/i0.wp.com\/elterritorialweb.com.ar\/web\/wp-content\/uploads\/2020\/12\/IPVU-VILLA-DEL-CARMEN-1.jpg?resize=1536%2C1073&amp;ssl=1 1536w, https:\/\/i0.wp.com\/elterritorialweb.com.ar\/web\/wp-content\/uploads\/2020\/12\/IPVU-VILLA-DEL-CARMEN-1.jpg?w=1800&amp;ssl=1 1800w, https:\/\/i0.wp.com\/elterritorialweb.com.ar\/web\/wp-content\/uploads\/2020\/12\/IPVU-VILLA-DEL-CARMEN-1.jpg?w=1280 1280w\" data-sizes=\"(max-width: 640px) 100vw, 640px\" src=\"data:image\/svg+xml;base64,PHN2ZyB3aWR0aD0iMSIgaGVpZ2h0PSIxIiB4bWxucz0iaHR0cDovL3d3dy53My5vcmcvMjAwMC9zdmciPjwvc3ZnPg==\" style=\"--smush-placeholder-width: 640px; --smush-placeholder-aspect-ratio: 640\/448;\" \/><\/figure>\n\n\n\n<p>La entrega se efectu\u00f3, respetando todos los protocolos establecidos en este tiempo de pandemia, y luego las autoridades recorrieron la casa de la familia de Mariana Victoria Toloza, quien no oculto su emoci\u00f3n y alegr\u00eda al conocer su vivienda y agradeci\u00f3 a todos por \u201ccumplir un sue\u00f1o\u201d. <\/p>\n\n\n\n<p>A continuaci\u00f3n, tanto el ministro Cambrini como el Titular del IPVU, Augusto Du Bois Goitia resaltaron la importancia de continuar trabajando y cumpliendo con la necesidad habitacional de los santiague\u00f1os. <\/p>\n\n\n\n<figure class=\"wp-block-image size-large\"><img data-recalc-dims=\"1\" decoding=\"async\" width=\"640\" height=\"408\" data-src=\"https:\/\/i0.wp.com\/elterritorialweb.com.ar\/web\/wp-content\/uploads\/2020\/12\/IPVU-VILLA-DEL-CARMEN-2.jpg?resize=640%2C408\" alt=\"\" class=\"wp-image-14525 lazyload\" data-srcset=\"https:\/\/i0.wp.com\/elterritorialweb.com.ar\/web\/wp-content\/uploads\/2020\/12\/IPVU-VILLA-DEL-CARMEN-2.jpg?resize=1024%2C652&amp;ssl=1 1024w, https:\/\/i0.wp.com\/elterritorialweb.com.ar\/web\/wp-content\/uploads\/2020\/12\/IPVU-VILLA-DEL-CARMEN-2.jpg?resize=300%2C191&amp;ssl=1 300w, https:\/\/i0.wp.com\/elterritorialweb.com.ar\/web\/wp-content\/uploads\/2020\/12\/IPVU-VILLA-DEL-CARMEN-2.jpg?resize=768%2C489&amp;ssl=1 768w, https:\/\/i0.wp.com\/elterritorialweb.com.ar\/web\/wp-content\/uploads\/2020\/12\/IPVU-VILLA-DEL-CARMEN-2.jpg?resize=1536%2C978&amp;ssl=1 1536w, https:\/\/i0.wp.com\/elterritorialweb.com.ar\/web\/wp-content\/uploads\/2020\/12\/IPVU-VILLA-DEL-CARMEN-2.jpg?w=1800&amp;ssl=1 1800w, https:\/\/i0.wp.com\/elterritorialweb.com.ar\/web\/wp-content\/uploads\/2020\/12\/IPVU-VILLA-DEL-CARMEN-2.jpg?w=1280 1280w\" data-sizes=\"(max-width: 640px) 100vw, 640px\" src=\"data:image\/svg+xml;base64,PHN2ZyB3aWR0aD0iMSIgaGVpZ2h0PSIxIiB4bWxucz0iaHR0cDovL3d3dy53My5vcmcvMjAwMC9zdmciPjwvc3ZnPg==\" style=\"--smush-placeholder-width: 640px; --smush-placeholder-aspect-ratio: 640\/408;\" \/><\/figure>\n\n\n\n<p>En este sentido, Argentino Cambrini expres\u00f3, \u201cen nombre del Gobernador de la Provincia, Dr. Gerardo Zamora y todo el gabinete estamos entregando estas viviendas. Les deseo el mayor de los \u00e9xitos y felicitaciones a cada uno de los beneficiarios\u201d, destac\u00f3 el ministro de Obras, Servicios P\u00fablicos, Agua y Medio Ambiente. <\/p>\n\n\n\n<p>En tanto, Augusto Du Bois Goitia subray\u00f3, \u201cen esta \u00faltima etapa del a\u00f1o estamos entregando estas 240 viviendas, donde hay que recalcar la pol\u00edtica de nuestro Gobernador Dr. Gerardo Zamora, respecto al desarrollo urban\u00edstico y la construcci\u00f3n de viviendas\u201d y destac\u00f3 \u201cac\u00e1 han trabajado miles de santiague\u00f1os para que estas viviendas lleguen a estar as\u00ed tan lindas y ver a tantos beneficiarios contentos y emocionados por recibir su primera casa\u201d. <\/p>\n\n\n\n<figure class=\"wp-block-image size-large\"><img decoding=\"async\" src=\"blob:http:\/\/elterritorialweb.com.ar\/e29656cf-67ea-4abc-a50b-7de14798b0d0\" alt=\"\"\/><\/figure>\n\n\n\n<p>El titular del IPVU remarc\u00f3 \u201cnuestra Provincia es ejemplo en pol\u00edtica habitacional. Se han entregado durante la pandemia, a pesar de las restricciones y a pesar de que muchas veces hubo localidades aisladas, m\u00e1s de quinientas viviendas, y somos una de las provincias que m\u00e1s viviendas entrego en este momento tan duro que nos toc\u00f3 pasar\u201d. <\/p>\n\n\n\n<p>Cerrando, Du Bois Goitia hizo referencia a la continuidad del trabajo del Instituto Provincial de Vivienda y urbanismo (IPVU), \u201cantes de fin de a\u00f1o tendremos otro sorteo de viviendas que ser\u00e1n 504 m\u00e1s en este barrio, y que vamos a seguir trabajando para que este complejo de 1.500 viviendas en construcci\u00f3n se termine de entregar en el primer trimestre del a\u00f1o que viene\u201d, expreso el titular del Instituto Provincial de Vivienda y Urbanismo.<\/p>\n","protected":false},"excerpt":{"rendered":"<p>El Gobierno de la Provincia hizo entrega de 240 viviendas, del grupo de 744, en el Barrio Villa del Carmen de la ciudad de capital. <\/p>\n","protected":false},"author":2,"featured_media":14523,"comment_status":"open","ping_status":"open","sticky":false,"template":"","format":"standard","meta":{"om_disable_all_campaigns":false,"_monsterinsights_skip_tracking":false,"_monsterinsights_sitenote_active":false,"_monsterinsights_sitenote_note":"","_monsterinsights_sitenote_category":0,"_uf_show_specific_survey":0,"_uf_disable_surveys":false,"jetpack_post_was_ever_published":false,"_jetpack_newsletter_access":"","_jetpack_dont_email_post_to_subs":false,"_jetpack_newsletter_tier_id":0,"_jetpack_memberships_contains_paywalled_content":false,"_jetpack_memberships_contains_paid_content":false,"footnotes":"","jetpack_publicize_message":"","jetpack_publicize_feature_enabled":true,"jetpack_social_post_already_shared":false,"jetpack_social_options":{"image_generator_settings":{"template":"highway","default_image_id":0,"font":"","enabled":false},"version":2}},"categories":[21],"tags":[],"class_list":["post-14522","post","type-post","status-publish","format-standard","has-post-thumbnail","hentry","category-locales"],"aioseo_notices":[],"views":6,"jetpack_publicize_connections":[],"jetpack_featured_media_url":"https:\/\/i0.wp.com\/elterritorialweb.com.ar\/web\/wp-content\/uploads\/2020\/12\/IPVU-VILLA-DEL-CARMEN.jpg?fit=1800%2C1087&ssl=1","jetpack_sharing_enabled":true,"_links":{"self":[{"href":"https:\/\/elterritorialweb.com.ar\/web\/wp-json\/wp\/v2\/posts\/14522","targetHints":{"allow":["GET"]}}],"collection":[{"href":"https:\/\/elterritorialweb.com.ar\/web\/wp-json\/wp\/v2\/posts"}],"about":[{"href":"https:\/\/elterritorialweb.com.ar\/web\/wp-json\/wp\/v2\/types\/post"}],"author":[{"embeddable":true,"href":"https:\/\/elterritorialweb.com.ar\/web\/wp-json\/wp\/v2\/users\/2"}],"replies":[{"embeddable":true,"href":"https:\/\/elterritorialweb.com.ar\/web\/wp-json\/wp\/v2\/comments?post=14522"}],"version-history":[{"count":2,"href":"https:\/\/elterritorialweb.com.ar\/web\/wp-json\/wp\/v2\/posts\/14522\/revisions"}],"predecessor-version":[{"id":14528,"href":"https:\/\/elterritorialweb.com.ar\/web\/wp-json\/wp\/v2\/posts\/14522\/revisions\/14528"}],"wp:featuredmedia":[{"embeddable":true,"href":"https:\/\/elterritorialweb.com.ar\/web\/wp-json\/wp\/v2\/media\/14523"}],"wp:attachment":[{"href":"https:\/\/elterritorialweb.com.ar\/web\/wp-json\/wp\/v2\/media?parent=14522"}],"wp:term":[{"taxonomy":"category","embeddable":true,"href":"https:\/\/elterritorialweb.com.ar\/web\/wp-json\/wp\/v2\/categories?post=14522"},{"taxonomy":"post_tag","embeddable":true,"href":"https:\/\/elterritorialweb.com.ar\/web\/wp-json\/wp\/v2\/tags?post=14522"}],"curies":[{"name":"wp","href":"https:\/\/api.w.org\/{rel}","templated":true}]}}