{"id":14529,"date":"2020-12-10T23:59:36","date_gmt":"2020-12-10T23:59:36","guid":{"rendered":"http:\/\/elterritorialweb.com.ar\/web\/?p=14529"},"modified":"2020-12-10T23:59:37","modified_gmt":"2020-12-10T23:59:37","slug":"el-juez-de-faltas-de-la-provincia-brindo-una-charla-virtual-sobre-faltas-y-contravenciones","status":"publish","type":"post","link":"https:\/\/elterritorialweb.com.ar\/web\/el-juez-de-faltas-de-la-provincia-brindo-una-charla-virtual-sobre-faltas-y-contravenciones\/","title":{"rendered":"EL JUEZ DE FALTAS DE LA PROVINCIA BRIND\u00d3 UNA CHARLA VIRTUAL SOBRE FALTAS Y CONTRAVENCIONES"},"content":{"rendered":"\n<p>La inquietud planteada por los integrantes de la comisi\u00f3n de j\u00f3venes abogados, surgi\u00f3 de las dudas y consultas que reciben a diario, y en atenci\u00f3n a ello se procedi\u00f3 a organizar esta charla. <\/p>\n\n\n\n<p>Durante la misma se explic\u00f3 la necesidad de que todos seamos protagonistas, y nexos para lograr una mayor seguridad vial, teniendo en cuenta que los siniestros viales son una de las principales causas de muertes y lesiones del mundo.<\/p>\n\n\n\n<p>Luego de la charla se procedi\u00f3 a abrir a las preguntas lo que gener\u00f3 un interesante debate y se evacuaron las inquietudes de los participantes.<\/p>\n","protected":false},"excerpt":{"rendered":"<p>El Dr. Mat\u00edas Balmaceda, en su car\u00e1cter de juez de faltas de la provincia, y especialmente invitado por la comisi\u00f3n de j\u00f3venes abogados del Colegio de Abogados de Santiago del Estero, brindo una charla v\u00eda zoom sobre la tem\u00e1tica \u201cLa actuaci\u00f3n del abogado en la materia de faltas y contravenciones de tr\u00e1nsito en la provincia\u201d.<\/p>\n","protected":false},"author":2,"featured_media":14530,"comment_status":"open","ping_status":"open","sticky":false,"template":"","format":"standard","meta":{"om_disable_all_campaigns":false,"_monsterinsights_skip_tracking":false,"_monsterinsights_sitenote_active":false,"_monsterinsights_sitenote_note":"","_monsterinsights_sitenote_category":0,"_uf_show_specific_survey":0,"_uf_disable_surveys":false,"jetpack_post_was_ever_published":false,"_jetpack_newsletter_access":"","_jetpack_dont_email_post_to_subs":false,"_jetpack_newsletter_tier_id":0,"_jetpack_memberships_contains_paywalled_content":false,"_jetpack_memberships_contains_paid_content":false,"footnotes":"","jetpack_publicize_message":"","jetpack_publicize_feature_enabled":true,"jetpack_social_post_already_shared":false,"jetpack_social_options":{"image_generator_settings":{"template":"highway","default_image_id":0,"font":"","enabled":false},"version":2}},"categories":[21],"tags":[],"class_list":["post-14529","post","type-post","status-publish","format-standard","has-post-thumbnail","hentry","category-locales"],"aioseo_notices":[],"views":5,"jetpack_publicize_connections":[],"jetpack_featured_media_url":"https:\/\/i0.wp.com\/elterritorialweb.com.ar\/web\/wp-content\/uploads\/2020\/12\/JUEZ-DE-FALTAS.jpg?fit=252%2C200&ssl=1","jetpack_sharing_enabled":true,"_links":{"self":[{"href":"https:\/\/elterritorialweb.com.ar\/web\/wp-json\/wp\/v2\/posts\/14529","targetHints":{"allow":["GET"]}}],"collection":[{"href":"https:\/\/elterritorialweb.com.ar\/web\/wp-json\/wp\/v2\/posts"}],"about":[{"href":"https:\/\/elterritorialweb.com.ar\/web\/wp-json\/wp\/v2\/types\/post"}],"author":[{"embeddable":true,"href":"https:\/\/elterritorialweb.com.ar\/web\/wp-json\/wp\/v2\/users\/2"}],"replies":[{"embeddable":true,"href":"https:\/\/elterritorialweb.com.ar\/web\/wp-json\/wp\/v2\/comments?post=14529"}],"version-history":[{"count":1,"href":"https:\/\/elterritorialweb.com.ar\/web\/wp-json\/wp\/v2\/posts\/14529\/revisions"}],"predecessor-version":[{"id":14531,"href":"https:\/\/elterritorialweb.com.ar\/web\/wp-json\/wp\/v2\/posts\/14529\/revisions\/14531"}],"wp:featuredmedia":[{"embeddable":true,"href":"https:\/\/elterritorialweb.com.ar\/web\/wp-json\/wp\/v2\/media\/14530"}],"wp:attachment":[{"href":"https:\/\/elterritorialweb.com.ar\/web\/wp-json\/wp\/v2\/media?parent=14529"}],"wp:term":[{"taxonomy":"category","embeddable":true,"href":"https:\/\/elterritorialweb.com.ar\/web\/wp-json\/wp\/v2\/categories?post=14529"},{"taxonomy":"post_tag","embeddable":true,"href":"https:\/\/elterritorialweb.com.ar\/web\/wp-json\/wp\/v2\/tags?post=14529"}],"curies":[{"name":"wp","href":"https:\/\/api.w.org\/{rel}","templated":true}]}}