{"id":14535,"date":"2020-12-11T01:19:30","date_gmt":"2020-12-11T01:19:30","guid":{"rendered":"http:\/\/elterritorialweb.com.ar\/web\/?p=14535"},"modified":"2020-12-11T01:19:58","modified_gmt":"2020-12-11T01:19:58","slug":"fernandez-el-reencuentro-de-los-argentinos-es-no-olvidar-reclamar-la-verdad-y-pedir-justicia","status":"publish","type":"post","link":"https:\/\/elterritorialweb.com.ar\/web\/fernandez-el-reencuentro-de-los-argentinos-es-no-olvidar-reclamar-la-verdad-y-pedir-justicia\/","title":{"rendered":"FERN\u00c1NDEZ: \u00abEL REENCUENTRO DE LOS ARGENTINOS ES NO OLVIDAR, RECLAMAR LA VERDAD Y PEDIR JUSTICIA\u00bb"},"content":{"rendered":"\n<p>En la misma ceremonia, a la que asisti\u00f3 la vicepresidenta, Cristina Fern\u00e1ndez de Kirchner, el mandatario puso a disposici\u00f3n de los organismos de Derechos Humanos informaci\u00f3n hallada en la Agencia Federal de Inteligencia (AFI) sobre esas organizaciones.<\/p>\n\n\n\n<p>El Jefe de Estado pidi\u00f3 que \u201cestos premios, que tantos argentinos y tantas argentinas merecen por su lucha incansable, todos los a\u00f1os nos re\u00fanan para homenajearlos\u201d. \u201cDurante cinco a\u00f1os esto no se hizo porque algunos piensan que el reencuentro de los argentinos pasa por olvidar el pasado, y estamos los que creemos que no, que el verdadero reencuentro es no olvidar, reclamar la verdad y simplemente pedir justicia\u201d, remarc\u00f3.<\/p>\n\n\n\n<figure class=\"wp-block-image size-large\"><img data-recalc-dims=\"1\" decoding=\"async\" width=\"640\" height=\"427\" data-src=\"https:\/\/i0.wp.com\/elterritorialweb.com.ar\/web\/wp-content\/uploads\/2020\/12\/MEC7720.jpg?resize=640%2C427\" alt=\"\" class=\"wp-image-14537 lazyload\" data-srcset=\"https:\/\/i0.wp.com\/elterritorialweb.com.ar\/web\/wp-content\/uploads\/2020\/12\/MEC7720-scaled.jpg?resize=1024%2C683&amp;ssl=1 1024w, https:\/\/i0.wp.com\/elterritorialweb.com.ar\/web\/wp-content\/uploads\/2020\/12\/MEC7720-scaled.jpg?resize=300%2C200&amp;ssl=1 300w, https:\/\/i0.wp.com\/elterritorialweb.com.ar\/web\/wp-content\/uploads\/2020\/12\/MEC7720-scaled.jpg?resize=768%2C513&amp;ssl=1 768w, https:\/\/i0.wp.com\/elterritorialweb.com.ar\/web\/wp-content\/uploads\/2020\/12\/MEC7720-scaled.jpg?resize=1536%2C1025&amp;ssl=1 1536w, https:\/\/i0.wp.com\/elterritorialweb.com.ar\/web\/wp-content\/uploads\/2020\/12\/MEC7720-scaled.jpg?resize=2048%2C1367&amp;ssl=1 2048w, https:\/\/i0.wp.com\/elterritorialweb.com.ar\/web\/wp-content\/uploads\/2020\/12\/MEC7720-scaled.jpg?resize=675%2C450&amp;ssl=1 675w, https:\/\/i0.wp.com\/elterritorialweb.com.ar\/web\/wp-content\/uploads\/2020\/12\/MEC7720-scaled.jpg?w=1280 1280w, https:\/\/i0.wp.com\/elterritorialweb.com.ar\/web\/wp-content\/uploads\/2020\/12\/MEC7720-scaled.jpg?w=1920 1920w\" data-sizes=\"(max-width: 640px) 100vw, 640px\" src=\"data:image\/svg+xml;base64,PHN2ZyB3aWR0aD0iMSIgaGVpZ2h0PSIxIiB4bWxucz0iaHR0cDovL3d3dy53My5vcmcvMjAwMC9zdmciPjwvc3ZnPg==\" style=\"--smush-placeholder-width: 640px; --smush-placeholder-aspect-ratio: 640\/427;\" \/><\/figure>\n\n\n\n<p>El Presidente reconoci\u00f3 a los premiados porque \u201csiempre lucharon y lo hicieron del mejor modo, pidiendo solamente que los argentinos y las argentinas recordemos y tengamos memoria, que la verdad se conozca y que los responsables de la tragedia tengan justicia, hacer justicia con los que generaron la mayor tragedia de la Argentina\u201d.<\/p>\n\n\n\n<p>\u201cEstos premios llevan el nombre de una luchadora enorme\u201d, expres\u00f3 Fern\u00e1ndez, quien estuvo tambi\u00e9n acompa\u00f1ado por el jefe de Gabinete, Santiago Cafiero; el secretario General de la Presidencia, Julio Vitobello; la ministra de Justicia y Derechos Humanos, Marcela Losardo; el ministro del Interior, Eduardo de Pedro; el secretario de Derechos Humanos, Horacio Pietragalla Corti; la interventora de la AFI, Cristina Caama\u00f1o, y la titular de laANSES, Fernanda Raverta.<\/p>\n\n\n\n<p>\u201cElegimos este d\u00eda de los Derechos Humanos para premiar a estas mujeres valiosas en todo sentido, porque cada una de ellas en su vida personal ha debido enfrentar una tragedia: el dolor de perder lo m\u00e1s querido, y valiosas porque ante semejante dolor nunca bajaron los brazos\u201d, afirm\u00f3 el Presidente.<\/p>\n\n\n\n<p>Por su parte, la vicepresidenta manifest\u00f3 que \u201cla ESMA es un lugar emblem\u00e1tico\u201d. \u201cLa primera vez que vine ac\u00e1 fue el 24 de marzo del 2004, era senadora y vine acompa\u00f1\u00e1ndolo a N\u00e9stor en lo que constituy\u00f3 la recuperaci\u00f3n de este lugar terrible pero hist\u00f3rico de los argentinos\u201d, record\u00f3.<\/p>\n\n\n\n<figure class=\"wp-block-image size-large\"><img data-recalc-dims=\"1\" decoding=\"async\" width=\"640\" height=\"427\" data-src=\"https:\/\/i0.wp.com\/elterritorialweb.com.ar\/web\/wp-content\/uploads\/2020\/12\/MEC7825.jpg?resize=640%2C427\" alt=\"\" class=\"wp-image-14538 lazyload\" data-srcset=\"https:\/\/i0.wp.com\/elterritorialweb.com.ar\/web\/wp-content\/uploads\/2020\/12\/MEC7825-scaled.jpg?resize=1024%2C683&amp;ssl=1 1024w, https:\/\/i0.wp.com\/elterritorialweb.com.ar\/web\/wp-content\/uploads\/2020\/12\/MEC7825-scaled.jpg?resize=300%2C200&amp;ssl=1 300w, https:\/\/i0.wp.com\/elterritorialweb.com.ar\/web\/wp-content\/uploads\/2020\/12\/MEC7825-scaled.jpg?resize=768%2C513&amp;ssl=1 768w, https:\/\/i0.wp.com\/elterritorialweb.com.ar\/web\/wp-content\/uploads\/2020\/12\/MEC7825-scaled.jpg?resize=1536%2C1025&amp;ssl=1 1536w, https:\/\/i0.wp.com\/elterritorialweb.com.ar\/web\/wp-content\/uploads\/2020\/12\/MEC7825-scaled.jpg?resize=2048%2C1367&amp;ssl=1 2048w, https:\/\/i0.wp.com\/elterritorialweb.com.ar\/web\/wp-content\/uploads\/2020\/12\/MEC7825-scaled.jpg?resize=675%2C450&amp;ssl=1 675w, https:\/\/i0.wp.com\/elterritorialweb.com.ar\/web\/wp-content\/uploads\/2020\/12\/MEC7825-scaled.jpg?w=1280 1280w, https:\/\/i0.wp.com\/elterritorialweb.com.ar\/web\/wp-content\/uploads\/2020\/12\/MEC7825-scaled.jpg?w=1920 1920w\" data-sizes=\"(max-width: 640px) 100vw, 640px\" src=\"data:image\/svg+xml;base64,PHN2ZyB3aWR0aD0iMSIgaGVpZ2h0PSIxIiB4bWxucz0iaHR0cDovL3d3dy53My5vcmcvMjAwMC9zdmciPjwvc3ZnPg==\" style=\"--smush-placeholder-width: 640px; --smush-placeholder-aspect-ratio: 640\/427;\" \/><\/figure>\n\n\n\n<p>Fern\u00e1ndez de Kirchner llam\u00f3 a \u201crecuperar la ESMA porque ha sido abandonada\u201d. \u201cDe paso tambi\u00e9n tenemos que volver a recuperar esa cosa muy virtuosa de los programas sociales donde aquellos que no hab\u00edan podido incorporarse todav\u00eda a la vida laboral a trav\u00e9s de un trabajo registrado eran ocupados por el gobierno a cambio de trabajo\u201d, consider\u00f3.<\/p>\n\n\n\n<p>\u201cTenemos que lograr nuevamente, como lo hicimos hasta el 2015 que aquellos que no hayan tenido la oportunidad o la suerte de lograr un trabajo y tienen un ingreso del Estado, que de alguna manera devuelvan al Estado trabajo, porque adem\u00e1s es bueno para todos, para la sociedad, para los que trabajan y para el gobierno\u201d, propuso.<\/p>\n\n\n\n<p>De la entrega de premios participaron a trav\u00e9s de videoconferencia las presidentas de Abuelas de Plaza de Mayo, Estela de Carlotto; de Madres de Plaza de Mayo L\u00ednea Fundadora, Tati Almeyda, y de la Asociaci\u00f3n Madres de Plaza de Mayo, Hebe de Bonafini.<\/p>\n\n\n\n<p>Los premios Azucena Villaflor de Devincenti fueron instituidos en 2003 y, aunque fueron discontinuados por el gobierno anterior, se entregan anualmente a ciudadanos, ciudadanas o entidades que se hayan destacado por su trayectoria c\u00edvica en defensa de los Derechos Humanos. En esta oportunidad, fueron otorgados a V\u00edctor Basterra (post mortem), Rosa Schonfeld de Bru, Vera Vigevani de Jarach, Angela Paolin de Boitano, Iris de Avellaneda y Rosa Tarlovsky de Roisinblit.<\/p>\n\n\n\n<p>El Presidente tambi\u00e9n entreg\u00f3 la informaci\u00f3n encontrada en la AFI sobre 13 organismos de Derechos Humanos que integran el archivo de la ex Direcci\u00f3n de Antecedentes de la ex SIDE.<\/p>\n\n\n\n<figure class=\"wp-block-image size-large\"><img data-recalc-dims=\"1\" decoding=\"async\" width=\"640\" height=\"427\" data-src=\"https:\/\/i0.wp.com\/elterritorialweb.com.ar\/web\/wp-content\/uploads\/2020\/12\/MEC7665.jpg?resize=640%2C427\" alt=\"\" class=\"wp-image-14539 lazyload\" data-srcset=\"https:\/\/i0.wp.com\/elterritorialweb.com.ar\/web\/wp-content\/uploads\/2020\/12\/MEC7665-scaled.jpg?resize=1024%2C683&amp;ssl=1 1024w, https:\/\/i0.wp.com\/elterritorialweb.com.ar\/web\/wp-content\/uploads\/2020\/12\/MEC7665-scaled.jpg?resize=300%2C200&amp;ssl=1 300w, https:\/\/i0.wp.com\/elterritorialweb.com.ar\/web\/wp-content\/uploads\/2020\/12\/MEC7665-scaled.jpg?resize=768%2C512&amp;ssl=1 768w, https:\/\/i0.wp.com\/elterritorialweb.com.ar\/web\/wp-content\/uploads\/2020\/12\/MEC7665-scaled.jpg?resize=1536%2C1024&amp;ssl=1 1536w, https:\/\/i0.wp.com\/elterritorialweb.com.ar\/web\/wp-content\/uploads\/2020\/12\/MEC7665-scaled.jpg?resize=2048%2C1365&amp;ssl=1 2048w, https:\/\/i0.wp.com\/elterritorialweb.com.ar\/web\/wp-content\/uploads\/2020\/12\/MEC7665-scaled.jpg?resize=675%2C450&amp;ssl=1 675w, https:\/\/i0.wp.com\/elterritorialweb.com.ar\/web\/wp-content\/uploads\/2020\/12\/MEC7665-scaled.jpg?w=1280 1280w, https:\/\/i0.wp.com\/elterritorialweb.com.ar\/web\/wp-content\/uploads\/2020\/12\/MEC7665-scaled.jpg?w=1920 1920w\" data-sizes=\"(max-width: 640px) 100vw, 640px\" src=\"data:image\/svg+xml;base64,PHN2ZyB3aWR0aD0iMSIgaGVpZ2h0PSIxIiB4bWxucz0iaHR0cDovL3d3dy53My5vcmcvMjAwMC9zdmciPjwvc3ZnPg==\" style=\"--smush-placeholder-width: 640px; --smush-placeholder-aspect-ratio: 640\/427;\" \/><\/figure>\n\n\n\n<p>La documentaci\u00f3n, que incluye partes de inteligencia e informaci\u00f3n sobre seguimientos, fue puesta a disposici\u00f3n de referentes de los organismos humanitarios.<\/p>\n\n\n\n<p>En el acto tambi\u00e9n se anunci\u00f3 la presentaci\u00f3n oficial por parte de la Argentina de la candidatura del Museo Sitio de Memoria ESMA a la Lista del Patrimonio Mundial de la Unesco y el Plan Estrat\u00e9gico para el Avance del Proceso de Justicia por los Cr\u00edmenes de Lesa humanidad.<\/p>\n","protected":false},"excerpt":{"rendered":"<p>El presidente Alberto Fern\u00e1ndez entreg\u00f3 esta tarde, en el Espacio para la Memoria y los Derechos Humanos (ex ESMA) los premios Azucena Villaflor del per\u00edodo 2015-2020, donde asegur\u00f3 que \u201cel reencuentro de los argentinos es no olvidar, reclamar la verdad y pedir justicia\u201d, al conmemorarse hoy el primer aniversario de su gobierno y el D\u00eda Internacional de los Derechos Humanos.<\/p>\n","protected":false},"author":2,"featured_media":14536,"comment_status":"open","ping_status":"open","sticky":false,"template":"","format":"standard","meta":{"om_disable_all_campaigns":false,"_monsterinsights_skip_tracking":false,"_monsterinsights_sitenote_active":false,"_monsterinsights_sitenote_note":"","_monsterinsights_sitenote_category":0,"_uf_show_specific_survey":0,"_uf_disable_surveys":false,"jetpack_post_was_ever_published":false,"_jetpack_newsletter_access":"","_jetpack_dont_email_post_to_subs":false,"_jetpack_newsletter_tier_id":0,"_jetpack_memberships_contains_paywalled_content":false,"_jetpack_memberships_contains_paid_content":false,"footnotes":"","jetpack_publicize_message":"","jetpack_publicize_feature_enabled":true,"jetpack_social_post_already_shared":false,"jetpack_social_options":{"image_generator_settings":{"template":"highway","default_image_id":0,"font":"","enabled":false},"version":2}},"categories":[18],"tags":[],"class_list":["post-14535","post","type-post","status-publish","format-standard","has-post-thumbnail","hentry","category-politica"],"aioseo_notices":[],"views":16,"jetpack_publicize_connections":[],"jetpack_featured_media_url":"https:\/\/i0.wp.com\/elterritorialweb.com.ar\/web\/wp-content\/uploads\/2020\/12\/MEC7968-scaled.jpg?fit=2560%2C1709&ssl=1","jetpack_sharing_enabled":true,"_links":{"self":[{"href":"https:\/\/elterritorialweb.com.ar\/web\/wp-json\/wp\/v2\/posts\/14535","targetHints":{"allow":["GET"]}}],"collection":[{"href":"https:\/\/elterritorialweb.com.ar\/web\/wp-json\/wp\/v2\/posts"}],"about":[{"href":"https:\/\/elterritorialweb.com.ar\/web\/wp-json\/wp\/v2\/types\/post"}],"author":[{"embeddable":true,"href":"https:\/\/elterritorialweb.com.ar\/web\/wp-json\/wp\/v2\/users\/2"}],"replies":[{"embeddable":true,"href":"https:\/\/elterritorialweb.com.ar\/web\/wp-json\/wp\/v2\/comments?post=14535"}],"version-history":[{"count":1,"href":"https:\/\/elterritorialweb.com.ar\/web\/wp-json\/wp\/v2\/posts\/14535\/revisions"}],"predecessor-version":[{"id":14540,"href":"https:\/\/elterritorialweb.com.ar\/web\/wp-json\/wp\/v2\/posts\/14535\/revisions\/14540"}],"wp:featuredmedia":[{"embeddable":true,"href":"https:\/\/elterritorialweb.com.ar\/web\/wp-json\/wp\/v2\/media\/14536"}],"wp:attachment":[{"href":"https:\/\/elterritorialweb.com.ar\/web\/wp-json\/wp\/v2\/media?parent=14535"}],"wp:term":[{"taxonomy":"category","embeddable":true,"href":"https:\/\/elterritorialweb.com.ar\/web\/wp-json\/wp\/v2\/categories?post=14535"},{"taxonomy":"post_tag","embeddable":true,"href":"https:\/\/elterritorialweb.com.ar\/web\/wp-json\/wp\/v2\/tags?post=14535"}],"curies":[{"name":"wp","href":"https:\/\/api.w.org\/{rel}","templated":true}]}}