{"id":14637,"date":"2020-12-13T14:58:33","date_gmt":"2020-12-13T14:58:33","guid":{"rendered":"http:\/\/elterritorialweb.com.ar\/web\/?p=14637"},"modified":"2020-12-13T14:58:40","modified_gmt":"2020-12-13T14:58:40","slug":"mirolo-presento-cinco-nuevos-motovehiculos-para-reforzar-el-trabajo-del-personal-de-transito","status":"publish","type":"post","link":"https:\/\/elterritorialweb.com.ar\/web\/mirolo-presento-cinco-nuevos-motovehiculos-para-reforzar-el-trabajo-del-personal-de-transito\/","title":{"rendered":"MIROLO PRESENT\u00d3 CINCO NUEVOS MOTOVEH\u00cdCULOS PARA REFORZAR EL TRABAJO DEL PERSONAL DE TR\u00c1NSITO"},"content":{"rendered":"\n<p>LA BANDA<\/p>\n\n\n\n<p>La presentaci\u00f3n fue realizada en la Plaza Educativa y Cultural \u201cMauricio Rojas\u201d, con la presencia del viceintendente Roger Nediani; los secretarios de Servicios P\u00fablicos, Fernando V\u00e1squez, y de Desarrollo Humano, Ramiro Barrera; la subsecretaria Valeria Chazarreta; el coordinador de Tr\u00e1nsito, Diego Ju\u00e1rez y el concejal Gabriel Santill\u00e1n.<\/p>\n\n\n\n<p>En la oportunidad, los agentes de la Direcci\u00f3n de Tr\u00e1nsito recibieron los motoveh\u00edculos que se sumar\u00e1n a los ocho con los que ya cuenta el \u00e1rea para la tarea de control y prevenci\u00f3n en las calles de la ciudad.<\/p>\n\n\n\n<p>Estos veh\u00edculos fueron adquiridos por el municipio para efectivizar el trabajo que se realiza desde el \u00e1rea en lo que hace a operativos de control y de ordenamiento de tr\u00e1nsito en diferentes sectores.<\/p>\n\n\n\n<p>Al respecto, el jefe comunal se\u00f1al\u00f3: \u201cSeguimos equipando a nuestros empleados, en este caso del \u00e1rea de Tr\u00e1nsito, que cumplen un importante trabajo en las calles de la ciudad, lo cual permitir\u00e1 efectivizar su trabajo de ordenamiento y control vehicular\u201d.<\/p>\n\n\n\n<p>Agreg\u00f3: \u201cAdem\u00e1s, queremos destacar que en este a\u00f1o que fue tan complicado para todos, los agentes de Tr\u00e1nsito tuvieron una importante tarea de supervisar que se diera cumplimiento a las disposiciones establecidas por el aislamiento social obligatorio y estamos muy orgullosos del trabajo que realizan constantemente en las calles de la ciudad, buscando garantizar el bienestar de los vecinos\u201d.&nbsp;<\/p>\n\n\n\n<p>Por su parte, el viceintendente Roger Nediani manifest\u00f3: \u201cFelicitamos al intendente Pablo Mirolo por esta importante adquisici\u00f3n, ya que esto fortalecer\u00e1 el trabajo del municipio en especial de esta \u00e1rea que pudo estar a la altura de las circunstancias desde el comienzo de la pandemia y supo cuidarnos a todos\u201d.<\/p>\n\n\n\n<p>Asimismo, el coordinador Diego Ju\u00e1rez, se\u00f1al\u00f3: \u201cEsto sin lugar a dudas dignifica el trabajo de nuestros agentes, agradecemos al intendente y al secretario de Servicios P\u00fablicos por esta adquisici\u00f3n de cinco motos, que permitir\u00e1n realizar un mejor ordenamiento de lo que es el casco c\u00e9ntrico\u201d.<\/p>\n\n\n\n<p>Finalmente, el secretario Fernando V\u00e1squez, destac\u00f3: \u201cEstas motos son de mayor cilindrada que las que ya ten\u00edamos en el \u00e1rea, har\u00e1n el trabajo de Tr\u00e1nsito m\u00e1s efectivo&nbsp;&nbsp;y no solo en lo que tiene que ver con los controles, sino que tambi\u00e9n en la colaboraci\u00f3n que se ofrece a otras \u00e1reas como Alerta Banda\u201d.<\/p>\n","protected":false},"excerpt":{"rendered":"<p>El intendente Pablo Mirolo realiz\u00f3 este viernes la presentaci\u00f3n de cinco motoveh\u00edculos marca Corven 250 cc. destinados a la Direcci\u00f3n de Tr\u00e1nsito de la Municipalidad de La Banda, dependiente de la Secretar\u00eda de Servicios P\u00fablicos. <\/p>\n","protected":false},"author":2,"featured_media":14638,"comment_status":"open","ping_status":"open","sticky":false,"template":"","format":"standard","meta":{"om_disable_all_campaigns":false,"_monsterinsights_skip_tracking":false,"_monsterinsights_sitenote_active":false,"_monsterinsights_sitenote_note":"","_monsterinsights_sitenote_category":0,"_uf_show_specific_survey":0,"_uf_disable_surveys":false,"jetpack_post_was_ever_published":false,"_jetpack_newsletter_access":"","_jetpack_dont_email_post_to_subs":false,"_jetpack_newsletter_tier_id":0,"_jetpack_memberships_contains_paywalled_content":false,"_jetpack_memberships_contains_paid_content":false,"footnotes":"","jetpack_publicize_message":"","jetpack_publicize_feature_enabled":true,"jetpack_social_post_already_shared":false,"jetpack_social_options":{"image_generator_settings":{"template":"highway","default_image_id":0,"font":"","enabled":false},"version":2}},"categories":[21],"tags":[],"class_list":["post-14637","post","type-post","status-publish","format-standard","has-post-thumbnail","hentry","category-locales"],"aioseo_notices":[],"views":7,"jetpack_publicize_connections":[],"jetpack_featured_media_url":"https:\/\/i0.wp.com\/elterritorialweb.com.ar\/web\/wp-content\/uploads\/2020\/12\/MIROLO-MOTOS.jpeg?fit=1030%2C773&ssl=1","jetpack_sharing_enabled":true,"_links":{"self":[{"href":"https:\/\/elterritorialweb.com.ar\/web\/wp-json\/wp\/v2\/posts\/14637","targetHints":{"allow":["GET"]}}],"collection":[{"href":"https:\/\/elterritorialweb.com.ar\/web\/wp-json\/wp\/v2\/posts"}],"about":[{"href":"https:\/\/elterritorialweb.com.ar\/web\/wp-json\/wp\/v2\/types\/post"}],"author":[{"embeddable":true,"href":"https:\/\/elterritorialweb.com.ar\/web\/wp-json\/wp\/v2\/users\/2"}],"replies":[{"embeddable":true,"href":"https:\/\/elterritorialweb.com.ar\/web\/wp-json\/wp\/v2\/comments?post=14637"}],"version-history":[{"count":1,"href":"https:\/\/elterritorialweb.com.ar\/web\/wp-json\/wp\/v2\/posts\/14637\/revisions"}],"predecessor-version":[{"id":14639,"href":"https:\/\/elterritorialweb.com.ar\/web\/wp-json\/wp\/v2\/posts\/14637\/revisions\/14639"}],"wp:featuredmedia":[{"embeddable":true,"href":"https:\/\/elterritorialweb.com.ar\/web\/wp-json\/wp\/v2\/media\/14638"}],"wp:attachment":[{"href":"https:\/\/elterritorialweb.com.ar\/web\/wp-json\/wp\/v2\/media?parent=14637"}],"wp:term":[{"taxonomy":"category","embeddable":true,"href":"https:\/\/elterritorialweb.com.ar\/web\/wp-json\/wp\/v2\/categories?post=14637"},{"taxonomy":"post_tag","embeddable":true,"href":"https:\/\/elterritorialweb.com.ar\/web\/wp-json\/wp\/v2\/tags?post=14637"}],"curies":[{"name":"wp","href":"https:\/\/api.w.org\/{rel}","templated":true}]}}