{"id":14645,"date":"2020-12-13T15:43:54","date_gmt":"2020-12-13T15:43:54","guid":{"rendered":"http:\/\/elterritorialweb.com.ar\/web\/?p=14645"},"modified":"2020-12-13T15:43:55","modified_gmt":"2020-12-13T15:43:55","slug":"el-comite-de-emergencia-habilito-nuevas-medidas","status":"publish","type":"post","link":"https:\/\/elterritorialweb.com.ar\/web\/el-comite-de-emergencia-habilito-nuevas-medidas\/","title":{"rendered":"EL COMITE DE EMERGENCIA HABILIT\u00d3 NUEVAS MEDIDAS"},"content":{"rendered":"\n<p><strong>COMNICADO COMPLETO<\/strong><\/p>\n\n\n\n<p><em><strong>Resumen semanal <\/strong>(desde el domingo 06\/12 hasta hoy S\u00e1bado 12\/12 inclusive)<\/em>:<\/p>\n\n\n\n<p><em>-El n\u00famero de casos fue de 378.<\/em><\/p>\n\n\n\n<p><em>-El promedio diario de contagios fue de 54 casos positivos.<\/em><\/p>\n\n\n\n<p><em>-El porcentaje de ocupaci\u00f3n de camas Covid:<\/em><\/p>\n\n\n\n<p><em>a) UTI -UCI 15%<\/em>.<\/p>\n\n\n\n<p><em>b) Camas Covid leves y moderados 25%.<\/em><\/p>\n\n\n\n<p><strong><em>Nuevas medidas<\/em><\/strong><\/p>\n\n\n\n<p><em>Desde el lunes 14 del corriente se habilita en autom\u00f3viles particulares la ocupaci\u00f3n de toda su capacidad, salvo en taxis o remises, en los cuales no podr\u00e1 ser ocupado el asiento del acompa\u00f1ante del conductor, (ya que deber\u00e1 estar separado por material de aislamiento transparente con la parte trasera, para no tener contacto con los pasajeros). <\/em><\/p>\n\n\n\n<p><em>Desde el 14\/12 el transporte tur\u00edstico y\/o recreativo podr\u00e1 circular en la provincia ( solo con ocupaci\u00f3n de la totalidad de sus asientos) sin ning\u00fan pasajeros o cualquier asistente parado.<\/em><\/p>\n\n\n\n<p><em>Es necesario recordar a todos los comprovincianos, que tenemos circulaci\u00f3n comunitaria, y por lo tanto fundamental el cumplimiento de las medidas de prevenci\u00f3n y protocolos vigentes, evitando los contactos estrechos con personas que no sean del grupo familiar conviviente; mantener siempre la distancia social, como el uso correcto del tapabocas y la higiene permanente de las manos. <\/em><\/p>\n\n\n\n<p><em>Firman: Elias Suarez, Jefe de Gabinete de Ministros &#8211; Natividad Nassif, Ministra de Salud<\/em><\/p>\n","protected":false},"excerpt":{"rendered":"<p>Se realiz\u00f3 una nueva reuni\u00f3n del Comit\u00e9 de Emergencia; y de acuerdo al compromiso asumido de dar conocimiento la poblaci\u00f3n, tanto de la evoluci\u00f3n epidemiol\u00f3gica semanal c\u00f3mo de los pasos a seguir.<\/p>\n","protected":false},"author":2,"featured_media":14646,"comment_status":"open","ping_status":"open","sticky":false,"template":"","format":"standard","meta":{"om_disable_all_campaigns":false,"_monsterinsights_skip_tracking":false,"_monsterinsights_sitenote_active":false,"_monsterinsights_sitenote_note":"","_monsterinsights_sitenote_category":0,"_uf_show_specific_survey":0,"_uf_disable_surveys":false,"jetpack_post_was_ever_published":false,"_jetpack_newsletter_access":"","_jetpack_dont_email_post_to_subs":false,"_jetpack_newsletter_tier_id":0,"_jetpack_memberships_contains_paywalled_content":false,"_jetpack_memberships_contains_paid_content":false,"footnotes":"","jetpack_publicize_message":"","jetpack_publicize_feature_enabled":true,"jetpack_social_post_already_shared":false,"jetpack_social_options":{"image_generator_settings":{"template":"highway","default_image_id":0,"font":"","enabled":false},"version":2}},"categories":[21],"tags":[],"class_list":["post-14645","post","type-post","status-publish","format-standard","has-post-thumbnail","hentry","category-locales"],"aioseo_notices":[],"views":14,"jetpack_publicize_connections":[],"jetpack_featured_media_url":"https:\/\/i0.wp.com\/elterritorialweb.com.ar\/web\/wp-content\/uploads\/2020\/12\/COMITE-DE-EMERGENCIA.jpg?fit=1280%2C854&ssl=1","jetpack_sharing_enabled":true,"_links":{"self":[{"href":"https:\/\/elterritorialweb.com.ar\/web\/wp-json\/wp\/v2\/posts\/14645","targetHints":{"allow":["GET"]}}],"collection":[{"href":"https:\/\/elterritorialweb.com.ar\/web\/wp-json\/wp\/v2\/posts"}],"about":[{"href":"https:\/\/elterritorialweb.com.ar\/web\/wp-json\/wp\/v2\/types\/post"}],"author":[{"embeddable":true,"href":"https:\/\/elterritorialweb.com.ar\/web\/wp-json\/wp\/v2\/users\/2"}],"replies":[{"embeddable":true,"href":"https:\/\/elterritorialweb.com.ar\/web\/wp-json\/wp\/v2\/comments?post=14645"}],"version-history":[{"count":1,"href":"https:\/\/elterritorialweb.com.ar\/web\/wp-json\/wp\/v2\/posts\/14645\/revisions"}],"predecessor-version":[{"id":14647,"href":"https:\/\/elterritorialweb.com.ar\/web\/wp-json\/wp\/v2\/posts\/14645\/revisions\/14647"}],"wp:featuredmedia":[{"embeddable":true,"href":"https:\/\/elterritorialweb.com.ar\/web\/wp-json\/wp\/v2\/media\/14646"}],"wp:attachment":[{"href":"https:\/\/elterritorialweb.com.ar\/web\/wp-json\/wp\/v2\/media?parent=14645"}],"wp:term":[{"taxonomy":"category","embeddable":true,"href":"https:\/\/elterritorialweb.com.ar\/web\/wp-json\/wp\/v2\/categories?post=14645"},{"taxonomy":"post_tag","embeddable":true,"href":"https:\/\/elterritorialweb.com.ar\/web\/wp-json\/wp\/v2\/tags?post=14645"}],"curies":[{"name":"wp","href":"https:\/\/api.w.org\/{rel}","templated":true}]}}