{"id":14648,"date":"2020-12-13T21:00:05","date_gmt":"2020-12-13T21:00:05","guid":{"rendered":"http:\/\/elterritorialweb.com.ar\/web\/?p=14648"},"modified":"2020-12-13T21:00:06","modified_gmt":"2020-12-13T21:00:06","slug":"la-banda-importantes-avances-de-la-obra-de-la-semipeatonal-alem","status":"publish","type":"post","link":"https:\/\/elterritorialweb.com.ar\/web\/la-banda-importantes-avances-de-la-obra-de-la-semipeatonal-alem\/","title":{"rendered":"LA BANDA: IMPORTANTES AVANCES DE LA OBRA DE LA SEMIPEATONAL ALEM"},"content":{"rendered":"\n<p>LA BANDA<\/p>\n\n\n\n<p>Pero dada la proximidad de las fiestas de fin de a\u00f1o el personal agiliza algunas tareas para que el paseo quede liberado para que la gente pueda circular y de esta manera realizar las compras navide\u00f1as.<\/p>\n\n\n\n<p>Seg\u00fan precisaron las autoridades de Obras P\u00fablicas, ya se coloc\u00f3 el pavimento articulado en toda su extensi\u00f3n, tambi\u00e9n rejas de desag\u00fce, pilares, p\u00e9rgolas y las medias sombras artesanales, adem\u00e1s del colado de hormig\u00f3n para la boca calle de Alem y Rivadavia y las luces led.<\/p>\n\n\n\n<p>El secretario de Obras P\u00fablicas, Cristian Alzamora, indic\u00f3 que a\u00fan faltan detalles para dejar inaugurado este vistoso corredor c\u00e9ntrico, pero que debido a las fiestas de fin de a\u00f1o se decidi\u00f3 dejar en condiciones para que el comercio trabaje y la gente pueda caminar por libremente por este sector.<br>Asimismo, Alzamora destac\u00f3 la importancia que la obra tiene para la ciudad y el comercio por lo que revalorizar\u00e1 el sector brindando una mejor disponibilidad de espacios y transitabilidad y renovar\u00e1 la est\u00e9tica.<\/p>\n","protected":false},"excerpt":{"rendered":"<p>Las tareas de reordenamiento del microcentro avanzan hacia su etapa final. Las tareas que se llevan a cabo del programa de puesta en valor y reordenamiento del microcentro de la ciudad se encuentran en su etapa final.<\/p>\n","protected":false},"author":2,"featured_media":14649,"comment_status":"open","ping_status":"open","sticky":false,"template":"","format":"standard","meta":{"om_disable_all_campaigns":false,"_monsterinsights_skip_tracking":false,"_monsterinsights_sitenote_active":false,"_monsterinsights_sitenote_note":"","_monsterinsights_sitenote_category":0,"_uf_show_specific_survey":0,"_uf_disable_surveys":false,"jetpack_post_was_ever_published":false,"_jetpack_newsletter_access":"","_jetpack_dont_email_post_to_subs":false,"_jetpack_newsletter_tier_id":0,"_jetpack_memberships_contains_paywalled_content":false,"_jetpack_memberships_contains_paid_content":false,"footnotes":"","jetpack_publicize_message":"","jetpack_publicize_feature_enabled":true,"jetpack_social_post_already_shared":false,"jetpack_social_options":{"image_generator_settings":{"template":"highway","default_image_id":0,"font":"","enabled":false},"version":2}},"categories":[21],"tags":[],"class_list":["post-14648","post","type-post","status-publish","format-standard","has-post-thumbnail","hentry","category-locales"],"aioseo_notices":[],"views":6,"jetpack_publicize_connections":[],"jetpack_featured_media_url":"https:\/\/i0.wp.com\/elterritorialweb.com.ar\/web\/wp-content\/uploads\/2020\/12\/LA-BANDA-PEATONAL.jpg?fit=1030%2C773&ssl=1","jetpack_sharing_enabled":true,"_links":{"self":[{"href":"https:\/\/elterritorialweb.com.ar\/web\/wp-json\/wp\/v2\/posts\/14648","targetHints":{"allow":["GET"]}}],"collection":[{"href":"https:\/\/elterritorialweb.com.ar\/web\/wp-json\/wp\/v2\/posts"}],"about":[{"href":"https:\/\/elterritorialweb.com.ar\/web\/wp-json\/wp\/v2\/types\/post"}],"author":[{"embeddable":true,"href":"https:\/\/elterritorialweb.com.ar\/web\/wp-json\/wp\/v2\/users\/2"}],"replies":[{"embeddable":true,"href":"https:\/\/elterritorialweb.com.ar\/web\/wp-json\/wp\/v2\/comments?post=14648"}],"version-history":[{"count":1,"href":"https:\/\/elterritorialweb.com.ar\/web\/wp-json\/wp\/v2\/posts\/14648\/revisions"}],"predecessor-version":[{"id":14650,"href":"https:\/\/elterritorialweb.com.ar\/web\/wp-json\/wp\/v2\/posts\/14648\/revisions\/14650"}],"wp:featuredmedia":[{"embeddable":true,"href":"https:\/\/elterritorialweb.com.ar\/web\/wp-json\/wp\/v2\/media\/14649"}],"wp:attachment":[{"href":"https:\/\/elterritorialweb.com.ar\/web\/wp-json\/wp\/v2\/media?parent=14648"}],"wp:term":[{"taxonomy":"category","embeddable":true,"href":"https:\/\/elterritorialweb.com.ar\/web\/wp-json\/wp\/v2\/categories?post=14648"},{"taxonomy":"post_tag","embeddable":true,"href":"https:\/\/elterritorialweb.com.ar\/web\/wp-json\/wp\/v2\/tags?post=14648"}],"curies":[{"name":"wp","href":"https:\/\/api.w.org\/{rel}","templated":true}]}}