{"id":14652,"date":"2020-12-13T22:01:32","date_gmt":"2020-12-13T22:01:32","guid":{"rendered":"http:\/\/elterritorialweb.com.ar\/web\/?p=14652"},"modified":"2020-12-13T22:11:37","modified_gmt":"2020-12-13T22:11:37","slug":"educacion-y-afa-firman-convenio-del-programa-alentar-estudiar-es-tu-mejor-jugada","status":"publish","type":"post","link":"https:\/\/elterritorialweb.com.ar\/web\/educacion-y-afa-firman-convenio-del-programa-alentar-estudiar-es-tu-mejor-jugada\/","title":{"rendered":"EDUCACI\u00d3N Y AFA FIRMAN CONVENIO DEL PROGRAMA \u00abALENTAR: ESTUDIAR ES TU MEJOR JUGADA\u00bb"},"content":{"rendered":"\n<p>El ministro de Educaci\u00f3n de la Naci\u00f3n,&nbsp;<strong>Nicol\u00e1s Trotta<\/strong>, junto con la&nbsp;<strong>Asociaci\u00f3n del F\u00fatbol Argentino (AFA)<\/strong>&nbsp;y&nbsp;<strong>Futbolistas Argentinos Agremiados (FAA)<\/strong>&nbsp;firmaron el convenio del programa denominado:&nbsp;<strong>\u201cAlentar: Estudiar es tu mejor jugada\u00bb<\/strong>, que establece la implementaci\u00f3n de acciones para incentivar, impulsar y realizar el acompa\u00f1amiento pedag\u00f3gico necesario para promover la terminalidad educativa y el fortalecimiento de las trayectorias escolares de las y los futbolistas argentinos.<\/p>\n\n\n\n<p>El programa tendr\u00e1 como objetivo asignar material de apoyo, pedag\u00f3gico, did\u00e1ctico y\/o tecnol\u00f3gico en todas las jurisdicciones del pa\u00eds, brindar asesoramiento sobre los programas de acompa\u00f1amiento de trayectorias; capacitar a referentes educativos designados por la AFA sobre el registro y seguimiento educativo de los futbolistas alcanzados, entre otras.<\/p>\n\n\n\n<p>Participaron de la r\u00fabrica del documento, el presidente del Comit\u00e9 Ejecutivo de la AFA,\u00a0<strong>Claudio Tapia<\/strong>\u00a0y el secretario General de la FAA,\u00a0<strong>Sergio Marchi<\/strong>.<\/p>\n\n\n\n<figure class=\"wp-block-image size-large\"><a href=\"https:\/\/i0.wp.com\/elterritorialweb.com.ar\/web\/wp-content\/uploads\/2020\/12\/EDUCACION-Y-AFA-1-scaled.jpg\"><img data-recalc-dims=\"1\" decoding=\"async\" width=\"640\" height=\"427\" data-src=\"https:\/\/i0.wp.com\/elterritorialweb.com.ar\/web\/wp-content\/uploads\/2020\/12\/EDUCACION-Y-AFA-1.jpg?resize=640%2C427\" alt=\"\" class=\"wp-image-14654 lazyload\" data-srcset=\"https:\/\/i0.wp.com\/elterritorialweb.com.ar\/web\/wp-content\/uploads\/2020\/12\/EDUCACION-Y-AFA-1-scaled.jpg?resize=1024%2C683&amp;ssl=1 1024w, https:\/\/i0.wp.com\/elterritorialweb.com.ar\/web\/wp-content\/uploads\/2020\/12\/EDUCACION-Y-AFA-1-scaled.jpg?resize=300%2C200&amp;ssl=1 300w, https:\/\/i0.wp.com\/elterritorialweb.com.ar\/web\/wp-content\/uploads\/2020\/12\/EDUCACION-Y-AFA-1-scaled.jpg?resize=768%2C512&amp;ssl=1 768w, https:\/\/i0.wp.com\/elterritorialweb.com.ar\/web\/wp-content\/uploads\/2020\/12\/EDUCACION-Y-AFA-1-scaled.jpg?resize=1536%2C1024&amp;ssl=1 1536w, https:\/\/i0.wp.com\/elterritorialweb.com.ar\/web\/wp-content\/uploads\/2020\/12\/EDUCACION-Y-AFA-1-scaled.jpg?resize=2048%2C1365&amp;ssl=1 2048w, https:\/\/i0.wp.com\/elterritorialweb.com.ar\/web\/wp-content\/uploads\/2020\/12\/EDUCACION-Y-AFA-1-scaled.jpg?resize=675%2C450&amp;ssl=1 675w, https:\/\/i0.wp.com\/elterritorialweb.com.ar\/web\/wp-content\/uploads\/2020\/12\/EDUCACION-Y-AFA-1-scaled.jpg?w=1280 1280w, https:\/\/i0.wp.com\/elterritorialweb.com.ar\/web\/wp-content\/uploads\/2020\/12\/EDUCACION-Y-AFA-1-scaled.jpg?w=1920 1920w\" data-sizes=\"(max-width: 640px) 100vw, 640px\" src=\"data:image\/svg+xml;base64,PHN2ZyB3aWR0aD0iMSIgaGVpZ2h0PSIxIiB4bWxucz0iaHR0cDovL3d3dy53My5vcmcvMjAwMC9zdmciPjwvc3ZnPg==\" style=\"--smush-placeholder-width: 640px; --smush-placeholder-aspect-ratio: 640\/427;\" \/><\/a><\/figure>\n\n\n\n<p>Durante el encuentro, el titular de la cartera educativa destac\u00f3:&nbsp;<em>\u201cEl programa se propone que las y los j\u00f3venes futbolistas argentinos finalicen sus estudios obligatorios; ser\u00e1 una condici\u00f3n para ser convocados por los clubes la terminalidad de sus estudios. Tenemos el deber de poner el foco en procurar el acceso y permanencia en la escuela. Debemos, como Estado, brindarles las herramientas para que se desarrollen plenamente porque no podemos dejar de considerar que el f\u00fatbol es una carrera corta y pocos logran que se convierta en su modo de vida\u201d<\/em>.<\/p>\n\n\n\n<p>Por su parte, Tapia anunci\u00f3 que el pr\u00f3ximo torneo infanto juvenil llevar\u00e1 el nombre del programa y resalt\u00f3 la centralidad de la formaci\u00f3n de nuestros j\u00f3venes:\u00a0<em>\u201cLa prioridad es el estudio por sobre el deporte, porque la carrera del f\u00fatbol es corta. Todos los jugadores tendr\u00e1n la obligaci\u00f3n de haber terminado la escuela para ser convocados por los clubes. Con esta herramienta que nos acerca el ministerio de educaci\u00f3n y a trav\u00e9s de la estructura que tiene el f\u00fatbol argentino a nivel nacional en cada provincia de nuestro pa\u00eds, podremos llegar a todos los j\u00f3venes para apartarlos de los flagelos que conocemos\u201d<\/em>.<\/p>\n\n\n\n<p>A su turno, la secretaria de Deportes de la Naci\u00f3n,&nbsp;<strong>In\u00e9s Arrondo<\/strong>&nbsp;se refiri\u00f3 a la centralidad de la educaci\u00f3n en el desarrollo pleno de nuestras sociedades:&nbsp;<em>\u201cEs fundamental que trabajemos desde el estado para fortalecer el derecho a la educaci\u00f3n para el desarrollo cognitivo y el ejercicio de las capacidades f\u00edsicas, ps\u00edquicas y emocionales porque no s\u00f3lo contribuye a un mejor f\u00fatbol sino a la construcci\u00f3n de una sociedad plena\u201d<\/em>.<\/p>\n\n\n\n<p>Marchi se refiri\u00f3 a la importancia de acompa\u00f1ar en la construcci\u00f3n de un proyecto de vida para nuestras y nuestros j\u00f3venes porque en el f\u00fatbol:&nbsp;<em>\u201cDe 10 llega menos de uno; de 1000 llegan 10\u201d y puso en valor la alianza del \u201cesfuerzo privado y el Estado para construir una sociedad mejor y llegar a m\u00e1s de un mill\u00f3n de deportistas, hombres y mujeres que est\u00e1n agrupados y contenidos en m\u00e1s de 3600 clubes. Vamos a ser el primer pa\u00eds del continente en tener escolarizados a todos sus jugadores y jugadoras. La educaci\u00f3n y la salud son derechos elementales que no podemos resignar\u201d<\/em>.<\/p>\n\n\n\n<figure class=\"wp-block-image size-large\"><a href=\"https:\/\/i0.wp.com\/elterritorialweb.com.ar\/web\/wp-content\/uploads\/2020\/12\/EDUCACION-Y-AFA-2-scaled.jpg\"><img data-recalc-dims=\"1\" decoding=\"async\" width=\"640\" height=\"427\" data-src=\"https:\/\/i0.wp.com\/elterritorialweb.com.ar\/web\/wp-content\/uploads\/2020\/12\/EDUCACION-Y-AFA-2.jpg?resize=640%2C427\" alt=\"\" class=\"wp-image-14655 lazyload\" data-srcset=\"https:\/\/i0.wp.com\/elterritorialweb.com.ar\/web\/wp-content\/uploads\/2020\/12\/EDUCACION-Y-AFA-2-scaled.jpg?resize=1024%2C683&amp;ssl=1 1024w, https:\/\/i0.wp.com\/elterritorialweb.com.ar\/web\/wp-content\/uploads\/2020\/12\/EDUCACION-Y-AFA-2-scaled.jpg?resize=300%2C200&amp;ssl=1 300w, https:\/\/i0.wp.com\/elterritorialweb.com.ar\/web\/wp-content\/uploads\/2020\/12\/EDUCACION-Y-AFA-2-scaled.jpg?resize=768%2C512&amp;ssl=1 768w, https:\/\/i0.wp.com\/elterritorialweb.com.ar\/web\/wp-content\/uploads\/2020\/12\/EDUCACION-Y-AFA-2-scaled.jpg?resize=1536%2C1024&amp;ssl=1 1536w, https:\/\/i0.wp.com\/elterritorialweb.com.ar\/web\/wp-content\/uploads\/2020\/12\/EDUCACION-Y-AFA-2-scaled.jpg?resize=2048%2C1365&amp;ssl=1 2048w, https:\/\/i0.wp.com\/elterritorialweb.com.ar\/web\/wp-content\/uploads\/2020\/12\/EDUCACION-Y-AFA-2-scaled.jpg?resize=675%2C450&amp;ssl=1 675w, https:\/\/i0.wp.com\/elterritorialweb.com.ar\/web\/wp-content\/uploads\/2020\/12\/EDUCACION-Y-AFA-2-scaled.jpg?w=1280 1280w, https:\/\/i0.wp.com\/elterritorialweb.com.ar\/web\/wp-content\/uploads\/2020\/12\/EDUCACION-Y-AFA-2-scaled.jpg?w=1920 1920w\" data-sizes=\"(max-width: 640px) 100vw, 640px\" src=\"data:image\/svg+xml;base64,PHN2ZyB3aWR0aD0iMSIgaGVpZ2h0PSIxIiB4bWxucz0iaHR0cDovL3d3dy53My5vcmcvMjAwMC9zdmciPjwvc3ZnPg==\" style=\"--smush-placeholder-width: 640px; --smush-placeholder-aspect-ratio: 640\/427;\" \/><\/a><\/figure>\n\n\n\n<p>El encuentro cont\u00f3 tambi\u00e9n con la participaci\u00f3n del director provincial de Educaci\u00f3n F\u00edsica, Leonardo Troncoso; la subsecretaria de Educaci\u00f3n Social y Cultural, Laura Sirotzky; la subsecretaria de Gesti\u00f3n Educativa y Calidad, Ver\u00f3nica Piovani; el tesorero de Futbolistas Argentinos Agremiados, Pablo Burtovoy; el ex senador provincial, Santiago Carreras; el secretario del departamento de Educaci\u00f3n de la AFA, miembro del Comit\u00e9 Ejecutivo de la AFA y presidente del Club Atl\u00e9tico Defensores de Belgrano, Marcelo Achile; el vicepresidente 2\u00b0 de la Asociaci\u00f3n Atl\u00e9tica Argentinos Juniors, Javier Pederzoli; el presidente de la Liga Tucumana, Dar\u00edo Zamoratte; el vicepresidente del Club Atl\u00e9tico Argentino de Quilmes, C\u00e9sar Sosa; el vicepresidente del Club Atl\u00e9tico Acassuso y miembro del Comit\u00e9 Ejecutivo de la AFA, Javier Mar\u00edn; el presidente del Club Atl\u00e9tico Estudiantes de Buenos Aires y miembro del Comit\u00e9 Ejecutivo de la AFA, Jorge Barrios; el presidente del Club Atl\u00e9tico Brown de Adrogu\u00e9, Adri\u00e1n Vairo; el presidente del Club Atl\u00e9tico Hurac\u00e1n, Alejandro Nadur; el presidente del Club Social y Deportivo Defensa y Justicia, Jos\u00e9 Lemme; el vicepresidente del Club Social y Deportivo Merlo, Jos\u00e9 Luis Coutinho y el presidente del Club Social y Deportivo Yupanqui y presidente de F\u00fatbol Infanto Juvenil de AFA, Dante Majori.<\/p>\n","protected":false},"excerpt":{"rendered":"<p>El programa \u201cAlentar: Estudiar es tu mejor jugada\u00bb tendr\u00e1 como objetivo el acompa\u00f1amiento pedag\u00f3gico necesario para promover la terminalidad educativa y el fortalecimiento de las trayectorias escolares de todas y todos las y los futbolistas argentinos.<\/p>\n","protected":false},"author":2,"featured_media":14653,"comment_status":"open","ping_status":"open","sticky":false,"template":"","format":"standard","meta":{"om_disable_all_campaigns":false,"_monsterinsights_skip_tracking":false,"_monsterinsights_sitenote_active":false,"_monsterinsights_sitenote_note":"","_monsterinsights_sitenote_category":0,"_uf_show_specific_survey":0,"_uf_disable_surveys":false,"jetpack_post_was_ever_published":false,"_jetpack_newsletter_access":"","_jetpack_dont_email_post_to_subs":false,"_jetpack_newsletter_tier_id":0,"_jetpack_memberships_contains_paywalled_content":false,"_jetpack_memberships_contains_paid_content":false,"footnotes":"","jetpack_publicize_message":"","jetpack_publicize_feature_enabled":true,"jetpack_social_post_already_shared":false,"jetpack_social_options":{"image_generator_settings":{"template":"highway","default_image_id":0,"font":"","enabled":false},"version":2}},"categories":[6,19],"tags":[],"class_list":["post-14652","post","type-post","status-publish","format-standard","has-post-thumbnail","hentry","category-deportes","category-educacion"],"aioseo_notices":[],"views":4,"jetpack_publicize_connections":[],"jetpack_featured_media_url":"https:\/\/i0.wp.com\/elterritorialweb.com.ar\/web\/wp-content\/uploads\/2020\/12\/EDUCACION-Y-AFA.jpeg?fit=1280%2C853&ssl=1","jetpack_sharing_enabled":true,"_links":{"self":[{"href":"https:\/\/elterritorialweb.com.ar\/web\/wp-json\/wp\/v2\/posts\/14652","targetHints":{"allow":["GET"]}}],"collection":[{"href":"https:\/\/elterritorialweb.com.ar\/web\/wp-json\/wp\/v2\/posts"}],"about":[{"href":"https:\/\/elterritorialweb.com.ar\/web\/wp-json\/wp\/v2\/types\/post"}],"author":[{"embeddable":true,"href":"https:\/\/elterritorialweb.com.ar\/web\/wp-json\/wp\/v2\/users\/2"}],"replies":[{"embeddable":true,"href":"https:\/\/elterritorialweb.com.ar\/web\/wp-json\/wp\/v2\/comments?post=14652"}],"version-history":[{"count":1,"href":"https:\/\/elterritorialweb.com.ar\/web\/wp-json\/wp\/v2\/posts\/14652\/revisions"}],"predecessor-version":[{"id":14656,"href":"https:\/\/elterritorialweb.com.ar\/web\/wp-json\/wp\/v2\/posts\/14652\/revisions\/14656"}],"wp:featuredmedia":[{"embeddable":true,"href":"https:\/\/elterritorialweb.com.ar\/web\/wp-json\/wp\/v2\/media\/14653"}],"wp:attachment":[{"href":"https:\/\/elterritorialweb.com.ar\/web\/wp-json\/wp\/v2\/media?parent=14652"}],"wp:term":[{"taxonomy":"category","embeddable":true,"href":"https:\/\/elterritorialweb.com.ar\/web\/wp-json\/wp\/v2\/categories?post=14652"},{"taxonomy":"post_tag","embeddable":true,"href":"https:\/\/elterritorialweb.com.ar\/web\/wp-json\/wp\/v2\/tags?post=14652"}],"curies":[{"name":"wp","href":"https:\/\/api.w.org\/{rel}","templated":true}]}}