{"id":14680,"date":"2020-12-14T01:44:09","date_gmt":"2020-12-14T01:44:09","guid":{"rendered":"http:\/\/elterritorialweb.com.ar\/web\/?p=14680"},"modified":"2020-12-14T01:44:10","modified_gmt":"2020-12-14T01:44:10","slug":"multitudinario-taller-de-capacitacion-provincial","status":"publish","type":"post","link":"https:\/\/elterritorialweb.com.ar\/web\/multitudinario-taller-de-capacitacion-provincial\/","title":{"rendered":"MULTITUDINARIO TALLER DE CAPACITACION PROVINCIAL"},"content":{"rendered":"\n<p>Con una destacada presencia de clubes de toda la provincia, a trav\u00e9s de sus dirigentes, y jugadores, adem\u00e1s de instituciones intermedias, ONG, y la participaci\u00f3n de escuelas deportivas de las diferentes disciplinas, se desarroll\u00f3 este s\u00e1bado el Taller de Prevenci\u00f3n de Adicciones, con un saldo altamente positivo.<\/p>\n\n\n\n<p>La capacitaci\u00f3n fue organizada por la Federaci\u00f3n Provincial de F\u00fatbol, y el auspicio de la Secretaria de Deportes, y del C\u00edrculo de Periodistas Deportivos, y cont\u00f3 con la participaci\u00f3n de la Fundaci\u00f3n Nocka Munayki, donde disertaron Carola P\u00e9rez y Mario Corbal\u00e1n, y el Taller tuvo su relevancia, ya que fue declarado de inter\u00e9s provincial por la C\u00e1mara de Diputados de Santiago del Estero.<\/p>\n\n\n\n<p>Francisco Pece, vicepresidente primero de la Federaci\u00f3n Provincial, y Carlos Dapello, secretario de deportes de la provincia tuvieron a su cargo la apertura del mismo, donde hicieron hincapi\u00e9 en la importancia de la prevenci\u00f3n de las adicciones en los j\u00f3venes, y destacaron la importancia de las distintas estrategias preventivas, adem\u00e1s del gran apoyo del gobierno provincial a las diferentes facetas en el deporte como una pol\u00edtica de estado. <\/p>\n\n\n\n<p>A su turno, Claudia Tarchini (Fundaci\u00f3n Nocka Munayki), agradeci\u00f3 la valiosa colaboraci\u00f3n de toda la provincia (directivos, clubes, jugadores, y padres), de cada rinc\u00f3n de Santiago del Estero, que interactuaron con los chicos, como una forma participativa, dejando una reflexi\u00f3n importante en la sociedad y en la juventud, destacando el rol de cada uno. <\/p>\n\n\n\n<p>La importancia del \u00faltimo taller de capacitaci\u00f3n del a\u00f1o, organizado por la Federaci\u00f3n Provincial de F\u00fatbol dej\u00f3 insertado el compromiso, la responsabilidades y obligaciones de cada actor dirigencial, que mostraron su elevado inter\u00e9s en el \u00faltimo mes del a\u00f1o, tras 9 meses sin actividad oficial en los clubes, lo que, sin dudas, pas\u00f3 a ocupar su verdadero protagonismo, en una sociedad que priorizo la salud sobre todas las cosas, y este multitudinario taller, que roz\u00f3 a la perfecci\u00f3n, cerr\u00f3 un 2020 redondo de mucha aprendizaje, pese al COVID-19. El mensaje fue claro, cuando se quiere, todo se puede.<\/p>\n","protected":false},"excerpt":{"rendered":"<p>TALLER DE PREVENCI\u00d3N DE ADICCIONES<\/p>\n","protected":false},"author":2,"featured_media":14681,"comment_status":"open","ping_status":"open","sticky":false,"template":"","format":"standard","meta":{"om_disable_all_campaigns":false,"_monsterinsights_skip_tracking":false,"_monsterinsights_sitenote_active":false,"_monsterinsights_sitenote_note":"","_monsterinsights_sitenote_category":0,"_uf_show_specific_survey":0,"_uf_disable_surveys":false,"jetpack_post_was_ever_published":false,"_jetpack_newsletter_access":"","_jetpack_dont_email_post_to_subs":false,"_jetpack_newsletter_tier_id":0,"_jetpack_memberships_contains_paywalled_content":false,"_jetpack_memberships_contains_paid_content":false,"footnotes":"","jetpack_publicize_message":"","jetpack_publicize_feature_enabled":true,"jetpack_social_post_already_shared":false,"jetpack_social_options":{"image_generator_settings":{"template":"highway","default_image_id":0,"font":"","enabled":false},"version":2}},"categories":[21],"tags":[],"class_list":["post-14680","post","type-post","status-publish","format-standard","has-post-thumbnail","hentry","category-locales"],"aioseo_notices":[],"views":6,"jetpack_publicize_connections":[],"jetpack_featured_media_url":"https:\/\/i0.wp.com\/elterritorialweb.com.ar\/web\/wp-content\/uploads\/2020\/12\/TALLER-DE-ADICCIONES.jpg?fit=1149%2C670&ssl=1","jetpack_sharing_enabled":true,"_links":{"self":[{"href":"https:\/\/elterritorialweb.com.ar\/web\/wp-json\/wp\/v2\/posts\/14680","targetHints":{"allow":["GET"]}}],"collection":[{"href":"https:\/\/elterritorialweb.com.ar\/web\/wp-json\/wp\/v2\/posts"}],"about":[{"href":"https:\/\/elterritorialweb.com.ar\/web\/wp-json\/wp\/v2\/types\/post"}],"author":[{"embeddable":true,"href":"https:\/\/elterritorialweb.com.ar\/web\/wp-json\/wp\/v2\/users\/2"}],"replies":[{"embeddable":true,"href":"https:\/\/elterritorialweb.com.ar\/web\/wp-json\/wp\/v2\/comments?post=14680"}],"version-history":[{"count":1,"href":"https:\/\/elterritorialweb.com.ar\/web\/wp-json\/wp\/v2\/posts\/14680\/revisions"}],"predecessor-version":[{"id":14682,"href":"https:\/\/elterritorialweb.com.ar\/web\/wp-json\/wp\/v2\/posts\/14680\/revisions\/14682"}],"wp:featuredmedia":[{"embeddable":true,"href":"https:\/\/elterritorialweb.com.ar\/web\/wp-json\/wp\/v2\/media\/14681"}],"wp:attachment":[{"href":"https:\/\/elterritorialweb.com.ar\/web\/wp-json\/wp\/v2\/media?parent=14680"}],"wp:term":[{"taxonomy":"category","embeddable":true,"href":"https:\/\/elterritorialweb.com.ar\/web\/wp-json\/wp\/v2\/categories?post=14680"},{"taxonomy":"post_tag","embeddable":true,"href":"https:\/\/elterritorialweb.com.ar\/web\/wp-json\/wp\/v2\/tags?post=14680"}],"curies":[{"name":"wp","href":"https:\/\/api.w.org\/{rel}","templated":true}]}}